{"id":1245,"date":"2025-11-18T10:41:23","date_gmt":"2025-11-18T13:41:23","guid":{"rendered":"http:\/\/nahoranoticias.com\/?p=1245"},"modified":"2025-11-18T10:41:25","modified_gmt":"2025-11-18T13:41:25","slug":"iftm-lanca-edital-com-370-vagas-gratuitas-para-cursos-tecnicos-concomitantes","status":"publish","type":"post","link":"https:\/\/nahoranoticias.com\/?p=1245","title":{"rendered":"IFTM lan\u00e7a edital com 370 vagas gratuitas para Cursos T\u00e9cnicos Concomitantes"},"content":{"rendered":"\n<p class=\"wp-block-paragraph\">Inscri\u00e7\u00f5es v\u00e3o de 19 de novembro a 14 de dezembro; sele\u00e7\u00e3o ser\u00e1 por sorteio eletr\u00f4nico e h\u00e1 vagas dispon\u00edveis em Ituiutaba, Uberaba, Uberl\u00e2ndia, Jo\u00e3o Pinheiro, Ibi\u00e1, Coromandel e Perdizes<\/p>\n\n\n\n<p class=\"wp-block-paragraph\">J\u00e1 est\u00e1 publicado o edital do&nbsp;<a href=\"https:\/\/iftm.edu.br\/ingresso\/tecnico-concomitante\/\" target=\"_blank\" rel=\"noreferrer noopener\">processo seletivo para ingresso nos Cursos T\u00e9cnicos Concomitantes<\/a>&nbsp;do Instituto Federal de Educa\u00e7\u00e3o, Ci\u00eancia e Tecnologia do Tri\u00e2ngulo Mineiro (IFTM) para o 1\u00ba semestre de 2026. S\u00e3o disponibilizadas 370 vagas distribu\u00eddas nos&nbsp;<em>campi<\/em>&nbsp;Ituiutaba, Uberaba, Uberl\u00e2ndia e Uberl\u00e2ndia Centro e nas unidades remostas de Jo\u00e3o Pinheiro, do&nbsp;<em>Campus<\/em>&nbsp;Paracatu; Ibi\u00e1, Coromandel e Perdizes, do&nbsp;<em>Campus<\/em>&nbsp;Patroc\u00ednio.<\/p>\n\n\n\n<p class=\"wp-block-paragraph\">No curso T\u00e9cnico de N\u00edvel M\u00e9dio na modalidade de concomit\u00e2ncia externa, o(a) estudante cursa&nbsp;o ensino t\u00e9cnico no IFTM e o Ensino M\u00e9dio em outra institui\u00e7\u00e3o, se ainda n\u00e3o o concluiu. Para receber o diploma de t\u00e9cnico, o(a) estudante dever\u00e1 apresentar o certificado de conclus\u00e3o do Ensino M\u00e9dio.<\/p>\n\n\n\n<p class=\"wp-block-paragraph\">As inscri\u00e7\u00f5es, que estar\u00e3o aberta de 19 de novembro a 14 de dezembro, s\u00e3o gratuitas. Para se inscrever, o(a) candidato(a) dever\u00e1 acessar a&nbsp;<a href=\"https:\/\/iftm.edu.br\/ingresso\/tecnico-concomitante\/\" target=\"_blank\" rel=\"noreferrer noopener\">p\u00e1gina de ingresso do IFTM, em CURSOS T\u00c9CNICOS CONCOMITANTES 2026\/1<\/a>, preencher os dados corretamente, escolher o&nbsp;<em>C<\/em><em>ampus<\/em>&nbsp;ou unidade remota da vaga, o curso de sua prefer\u00eancia e o grupo de concorr\u00eancia que melhor se enquadra.<\/p>\n\n\n\n<p class=\"wp-block-paragraph\"><strong>Cursos e vagas<\/strong><\/p>\n\n\n\n<p class=\"wp-block-paragraph\">As 370 vagas estabelecidas neste processo seletivo est\u00e3o distribu\u00eddas da seguinte forma:<\/p>\n\n\n\n<p class=\"wp-block-paragraph\">35 vagas para o curso T\u00e9cnico em Administra\u00e7\u00e3o, no IFTM&nbsp;<em>Campus<\/em>&nbsp;Ituiutaba;<\/p>\n\n\n\n<p class=\"wp-block-paragraph\">35 vagas para o curso T\u00e9cnico em Eletr\u00f4nica, no IFTM&nbsp;<em>Campus<\/em>&nbsp;Ituiutaba;<\/p>\n\n\n\n<p class=\"wp-block-paragraph\">35 vagas no curso T\u00e9cnico em Administra\u00e7\u00e3o, na Unidade Remota do IFTM&nbsp;<em>Campus<\/em>&nbsp;Paracatu em Jo\u00e3o Pinheiro;<\/p>\n\n\n\n<p class=\"wp-block-paragraph\">30 vagas para o curso T\u00e9cnico em Agroneg\u00f3cio, na Unidade Remota do IFTM&nbsp;<em>Campus<\/em>&nbsp;Patroc\u00ednio em Ibi\u00e1;<\/p>\n\n\n\n<p class=\"wp-block-paragraph\">30 vagas para o curso T\u00e9cnico em Administra\u00e7\u00e3o, na Unidade Remota do IFTM&nbsp;<em>Campus<\/em>&nbsp;Patroc\u00ednio em Ibi\u00e1;<\/p>\n\n\n\n<p class=\"wp-block-paragraph\">30 vagas para o curso T\u00e9cnico em Inform\u00e1tica, na Unidade Remota do IFTM&nbsp;<em>Campus<\/em>&nbsp;Patroc\u00ednio em Ibi\u00e1;<\/p>\n\n\n\n<p class=\"wp-block-paragraph\">35 vagas para o curso T\u00e9cnico em Contabilidade, na Unidade Remota do IFTM&nbsp;<em>Campus<\/em>&nbsp;Patroc\u00ednio em Coromandel;<\/p>\n\n\n\n<p class=\"wp-block-paragraph\">35 vagas para o curso T\u00e9cnico em Agropecu\u00e1ria, na Unidade Remota do IFTM&nbsp;<em>Campus<\/em>&nbsp;Patroc\u00ednio em Coromandel;<\/p>\n\n\n\n<p class=\"wp-block-paragraph\">35 vagas para o curso T\u00e9cnico em Agroneg\u00f3cio, na Unidade Remota do IFTM&nbsp;<em>Campus<\/em>&nbsp;Patroc\u00ednio em Perdizes;<\/p>\n\n\n\n<p class=\"wp-block-paragraph\">35 vagas para o curso T\u00e9cnico em Qu\u00edmica, no&nbsp;<em>Campus<\/em>&nbsp;Uberaba;<\/p>\n\n\n\n<p class=\"wp-block-paragraph\">40 vagas para o curso T\u00e9cnico em Agropecu\u00e1ria, no IFTM&nbsp;<em>Campus<\/em>&nbsp;Uberl\u00e2ndia;<\/p>\n\n\n\n<p class=\"wp-block-paragraph\">30 vagas no curso T\u00e9cnico em Redes de Computadores, no IFTM&nbsp;<em>Campus<\/em>&nbsp;Uberl\u00e2ndia Centro.<\/p>\n\n\n\n<p class=\"wp-block-paragraph\"><strong>Grupos de concorr\u00eancia e reservas de vagas<\/strong><\/p>\n\n\n\n<p class=\"wp-block-paragraph\">As vagas reservadas s\u00e3o divididas em grupos de concorr\u00eancia, que est\u00e3o listados no item 2 do edital. Somente podem concorrer para vagas reservadas os candidatos que tenham cursado, integralmente, o ensino fundamental (todos os anos \u2013 do 1\u00ba ao 9\u00ba ano) em escola p\u00fablica (municipal, estadual ou federal), em cursos regulares, ou na modalidade de Educa\u00e7\u00e3o de Jovens e Adultos ou tenham obtido certificado de conclus\u00e3o com base no resultado do Exame Nacional para Certifica\u00e7\u00e3o de Compet\u00eancias de Jovens e Adultos (ENCCEJA), ou de exames de certifica\u00e7\u00e3o de compet\u00eancia ou de avalia\u00e7\u00e3o de jovens e adultos realizados pelos sistemas estaduais de ensino.<\/p>\n\n\n\n<p class=\"wp-block-paragraph\">As vagas reservadas levam em considera\u00e7\u00e3o a renda familiar bruta mensal per capita, a ra\u00e7a\/etnia e, tamb\u00e9m, se o candidato possui alguma defici\u00eancia. No ato da inscri\u00e7\u00e3o, o candidato deve optar se deseja concorrer em um dos grupos de concorr\u00eancia, pela ampla concorr\u00eancia ou ainda, pelas vagas para pessoas com defici\u00eancia independente de renda e de ter cursado o ensino fundamental em escola p\u00fablica. S\u00e3o dez (10) grupos de concorr\u00eancia neste processo seletivo, por isso \u00e9 muito importante que os candidatos fa\u00e7am a leitura atenta do edital para n\u00e3o errarem no momento da inscri\u00e7\u00e3o.<\/p>\n\n\n\n<p class=\"wp-block-paragraph\"><strong>Forma de Sele\u00e7\u00e3o<\/strong><\/p>\n\n\n\n<p class=\"wp-block-paragraph\">A sele\u00e7\u00e3o ocorrer\u00e1 por sorteio eletr\u00f4nico gravado. O sorteio ser\u00e1 realizado pela Coordena\u00e7\u00e3o de Processo Seletivo do IFTM (COPESE) na data prevista de 15 de dezembro, conforme cronograma do edital (Anexo 1), e ser\u00e1 publicado na&nbsp;<a href=\"https:\/\/iftm.edu.br\/ingresso\/tecnico-concomitante\/\" target=\"_blank\" rel=\"noreferrer noopener\">p\u00e1gina de ingresso do IFTM<\/a>&nbsp;no mesmo dia.<\/p>\n\n\n\n<p class=\"wp-block-paragraph\"><strong>Resultados<\/strong><\/p>\n\n\n\n<p class=\"wp-block-paragraph\">O Anexo I do edital traz o cronograma completo do processo seletivo, com a indica\u00e7\u00e3o de todas as datas importantes no certame. De acordo com o cronograma, o resultado est\u00e1 previsto para o dia 15 de dezembro e ser\u00e1 publicado na&nbsp;<a href=\"https:\/\/iftm.edu.br\/ingresso\/tecnico-concomitante\/\" target=\"_blank\" rel=\"noreferrer noopener\">p\u00e1gina de ingresso do IFTM<\/a>.<\/p>\n\n\n\n<p class=\"wp-block-paragraph\">Para mais informa\u00e7\u00f5es sobre o processo seletivo, leia a \u00edntegra do edital na&nbsp;<a href=\"https:\/\/iftm.edu.br\/ingresso\/tecnico-concomitante\/\" target=\"_blank\" rel=\"noreferrer noopener\">p\u00e1gina de ingresso do IFTM<\/a>.<\/p>\n","protected":false},"excerpt":{"rendered":"<p>Inscri\u00e7\u00f5es v\u00e3o de 19 de novembro a 14 de dezembro; sele\u00e7\u00e3o ser\u00e1 por sorteio eletr\u00f4nico e h\u00e1 vagas dispon\u00edveis em&hellip;<\/p>\n","protected":false},"author":1,"featured_media":1246,"comment_status":"open","ping_status":"open","sticky":false,"template":"","format":"standard","meta":{"_crdt_document":"","footnotes":""},"categories":[20],"tags":[],"class_list":["post-1245","post","type-post","status-publish","format-standard","has-post-thumbnail","hentry","category-educacao"],"_links":{"self":[{"href":"https:\/\/nahoranoticias.com\/index.php?rest_route=\/wp\/v2\/posts\/1245","targetHints":{"allow":["GET"]}}],"collection":[{"href":"https:\/\/nahoranoticias.com\/index.php?rest_route=\/wp\/v2\/posts"}],"about":[{"href":"https:\/\/nahoranoticias.com\/index.php?rest_route=\/wp\/v2\/types\/post"}],"author":[{"embeddable":true,"href":"https:\/\/nahoranoticias.com\/index.php?rest_route=\/wp\/v2\/users\/1"}],"replies":[{"embeddable":true,"href":"https:\/\/nahoranoticias.com\/index.php?rest_route=%2Fwp%2Fv2%2Fcomments&post=1245"}],"version-history":[{"count":1,"href":"https:\/\/nahoranoticias.com\/index.php?rest_route=\/wp\/v2\/posts\/1245\/revisions"}],"predecessor-version":[{"id":1247,"href":"https:\/\/nahoranoticias.com\/index.php?rest_route=\/wp\/v2\/posts\/1245\/revisions\/1247"}],"wp:featuredmedia":[{"embeddable":true,"href":"https:\/\/nahoranoticias.com\/index.php?rest_route=\/wp\/v2\/media\/1246"}],"wp:attachment":[{"href":"https:\/\/nahoranoticias.com\/index.php?rest_route=%2Fwp%2Fv2%2Fmedia&parent=1245"}],"wp:term":[{"taxonomy":"category","embeddable":true,"href":"https:\/\/nahoranoticias.com\/index.php?rest_route=%2Fwp%2Fv2%2Fcategories&post=1245"},{"taxonomy":"post_tag","embeddable":true,"href":"https:\/\/nahoranoticias.com\/index.php?rest_route=%2Fwp%2Fv2%2Ftags&post=1245"}],"curies":[{"name":"wp","href":"https:\/\/api.w.org\/{rel}","templated":true}]}}