{"id":1467,"date":"2025-12-01T16:17:46","date_gmt":"2025-12-01T19:17:46","guid":{"rendered":"http:\/\/nahoranoticias.com\/?p=1467"},"modified":"2025-12-01T16:17:47","modified_gmt":"2025-12-01T19:17:47","slug":"minas-gerais-alerta-para-importancia-do-diagnostico-precoce-do-hiv-e-reforca-acesso-ao-tratamento-oferecido-pelo-estado","status":"publish","type":"post","link":"https:\/\/nahoranoticias.com\/?p=1467","title":{"rendered":"Minas Gerais alerta para import\u00e2ncia do diagn\u00f3stico precoce do HIV e refor\u00e7a acesso ao tratamento oferecido pelo Estado"},"content":{"rendered":"\n<p class=\"wp-block-paragraph\">Secretaria de Estado de Sa\u00fade intensifica a\u00e7\u00f5es de preven\u00e7\u00e3o, cuidado e acompanhamento no Dia Mundial de Luta contra a Aids\u00a0<\/p>\n\n\n\n<p class=\"wp-block-paragraph\">Seis meses atr\u00e1s, Diego Tavares, de 49 anos, recebeu o diagn\u00f3stico de HIV que ningu\u00e9m espera ouvir. Hoje em dia, gra\u00e7as ao atendimento r\u00e1pido e ao in\u00edcio imediato do tratamento no Hospital Eduardo de Menezes (HEM), unidade da&nbsp;<a href=\"https:\/\/www.fhemig.mg.gov.br\/\" target=\"_blank\" rel=\"noreferrer noopener\">Funda\u00e7\u00e3o Hospitalar de Minas Gerais (Fhemig)<\/a>, a carga viral est\u00e1 indetect\u00e1vel, o que significa que ele n\u00e3o transmite o v\u00edrus.&nbsp;<\/p>\n\n\n\n<p class=\"wp-block-paragraph\">No Dia Mundial de Luta contra a Aids, celebrado no dia 1\/12 e marcado pela campanha Dezembro Vermelho, o&nbsp;<a href=\"https:\/\/www.mg.gov.br\/\" target=\"_blank\" rel=\"noreferrer noopener\">Governo de Minas<\/a>, por meio da&nbsp;<a href=\"https:\/\/www.saude.mg.gov.br\/\" target=\"_blank\" rel=\"noreferrer noopener\">Secretaria de Estado de Sa\u00fade (SES-MG)<\/a>, refor\u00e7a que hist\u00f3rias como a de Diego s\u00f3 s\u00e3o poss\u00edveis quando preven\u00e7\u00e3o, testagem e tratamento caminham juntos.&nbsp;&nbsp;<\/p>\n\n\n\n<p class=\"wp-block-paragraph\">&#8220;Descobri ter HIV fazendo exames de rotina. Foi um susto, mas rapidamente fui encaminhado para o servi\u00e7o especializado. J\u00e1 no primeiro dia, iniciei a medica\u00e7\u00e3o antirretroviral. Em outubro, repeti o exame e a carga viral deu zerada, gra\u00e7as ao tratamento&#8221;, conta Diego, que segue acompanhando sua sa\u00fade na unidade de refer\u00eancia do Estado.&nbsp;&nbsp;<\/p>\n\n\n\n<p class=\"wp-block-paragraph\">O v\u00edrus ainda representa um desafio, mas os avan\u00e7os da rede estadual de assist\u00eancia t\u00eam garantido mais qualidade de vida \u00e0 popula\u00e7\u00e3o. Entre 2024 e 2025, quase 9 mil pessoas foram diagnosticadas com HIV em Minas. Desse total, 76% s\u00e3o homens entre 20 e 49 anos.&nbsp;<\/p>\n\n\n\n<p class=\"wp-block-paragraph\"><strong>Rede estadual de assist\u00eancia fortalecida<\/strong><\/p>\n\n\n\n<p class=\"wp-block-paragraph\">Atualmente, mais de 63,6 mil pessoas utilizam terapia antirretroviral na rede estadual. Nos \u00faltimos dez anos, 72.913 mineiros iniciaram acompanhamento. O subsecret\u00e1rio de Vigil\u00e2ncia em Sa\u00fade da SES-MG, Eduardo Prosdocimi, destaca que a rede estadual tem expandido a\u00e7\u00f5es de preven\u00e7\u00e3o, diagn\u00f3stico e cuidado.&nbsp;&nbsp;<\/p>\n\n\n\n<p class=\"wp-block-paragraph\">&#8220;Minas possui uma grande pol\u00edtica para o controle do HIV, com Profilaxia Pr\u00e9-Exposi\u00e7\u00e3o (PrEP), teleconsultorias, servi\u00e7os especializados no interior e campanhas permanentes. Nosso foco \u00e9 ampliar o acesso, reduzir novos casos e garantir acompanhamento integral \u00e0s pessoas&#8221;, afirma.&nbsp;&nbsp;<\/p>\n\n\n\n<p class=\"wp-block-paragraph\">A SES-MG tamb\u00e9m avan\u00e7a na implanta\u00e7\u00e3o de m\u00e1quinas dispensadoras de PrEP. &#8220;Estamos ampliando possibilidades de cuidado tanto na capital quanto no interior, levando preven\u00e7\u00e3o e reduzindo a transmiss\u00e3o do HIV em Minas Gerais&#8221;, explica Prosdocimi.&nbsp;<\/p>\n\n\n\n<p class=\"wp-block-paragraph\"><strong>Diagn\u00f3stico precoce como preven\u00e7\u00e3o<\/strong><\/p>\n\n\n\n<p class=\"wp-block-paragraph\">A refer\u00eancia t\u00e9cnica de HIV\/Aids e Hepatites Virais da SES-MG, Cec\u00edlia Oliveira, refor\u00e7a a import\u00e2ncia da testagem. &#8220;Se houver rela\u00e7\u00e3o desprotegida ou exposi\u00e7\u00e3o ao risco, \u00e9 essencial procurar imediatamente uma unidade da rede estadual. Com diagn\u00f3stico precoce, iniciamos o tratamento mais r\u00e1pido, reduzimos a mortalidade e melhoramos a qualidade de vida das pessoas\u201d, afirma.&nbsp;<\/p>\n\n\n\n<p class=\"wp-block-paragraph\">Minas conta com 74 servi\u00e7os especializados em 67 munic\u00edpios, como os Servi\u00e7os de Aten\u00e7\u00e3o Especializada (SAE), Centros de Testagem e Aconselhamento (CTA) e Unidades Dispensadoras de Medicamentos (UDM). Al\u00e9m disso, 124 maternidades est\u00e3o preparadas para acompanhar gestantes e rec\u00e9m-nascidos expostos ao v\u00edrus, e diversas unidades atuam no atendimento a v\u00edtimas de viol\u00eancia sexual.&nbsp;<\/p>\n\n\n\n<p class=\"wp-block-paragraph\"><strong>Preven\u00e7\u00e3o e cuidado cont\u00ednuo no estado<\/strong><\/p>\n\n\n\n<p class=\"wp-block-paragraph\">O Governo de Minas refor\u00e7a o uso de preservativos, distribu\u00eddos gratuitamente na rede estadual. A pol\u00edtica de preven\u00e7\u00e3o inclui ainda PrEP, indicada antes de situa\u00e7\u00f5es de risco, e a Profilaxia P\u00f3s-Exposi\u00e7\u00e3o (PEP), que deve ser iniciada rapidamente ap\u00f3s a vulnerabilidade.&nbsp;&nbsp;<\/p>\n\n\n\n<p class=\"wp-block-paragraph\">A PEP est\u00e1 dispon\u00edvel em 164 unidades hospitalares da rede estadual, incluindo o HEM, refer\u00eancia em HIV\/Aids e hepatites virais. A diretora da unidade, infectologista Virginia de Andrade, destaca que o tratamento adequado transforma vidas. \u201cCom acompanhamento correto, as pessoas convivem com o v\u00edrus sem preju\u00edzo \u00e0 vida social ou sexual. \u00c9 poss\u00edvel ter qualidade de vida\u201d, afirma.&nbsp;&nbsp;<\/p>\n\n\n\n<p class=\"wp-block-paragraph\"><strong>Fortalecendo os cuidados<\/strong><\/p>\n\n\n\n<p class=\"wp-block-paragraph\">Recentemente, a&nbsp;SES-MG publicou uma resolu\u00e7\u00e3o que institui o Amplia PrEP, permitindo que mais munic\u00edpios da Aten\u00e7\u00e3o Prim\u00e1ria ofertem a profilaxia. A iniciativa tamb\u00e9m prev\u00ea teleatendimento e envio dos medicamentos pelos Correios. A lista de munic\u00edpios est\u00e1 dispon\u00edvel&nbsp;<a href=\"https:\/\/www.saude.mg.gov.br\/aids.\" target=\"_blank\" rel=\"noreferrer noopener\">neste link<\/a>.<\/p>\n","protected":false},"excerpt":{"rendered":"<p>Secretaria de Estado de Sa\u00fade intensifica a\u00e7\u00f5es de preven\u00e7\u00e3o, cuidado e acompanhamento no Dia Mundial de Luta contra a Aids\u00a0&hellip;<\/p>\n","protected":false},"author":1,"featured_media":1468,"comment_status":"open","ping_status":"open","sticky":false,"template":"","format":"standard","meta":{"_crdt_document":"","footnotes":""},"categories":[11],"tags":[],"class_list":["post-1467","post","type-post","status-publish","format-standard","has-post-thumbnail","hentry","category-saude"],"_links":{"self":[{"href":"https:\/\/nahoranoticias.com\/index.php?rest_route=\/wp\/v2\/posts\/1467","targetHints":{"allow":["GET"]}}],"collection":[{"href":"https:\/\/nahoranoticias.com\/index.php?rest_route=\/wp\/v2\/posts"}],"about":[{"href":"https:\/\/nahoranoticias.com\/index.php?rest_route=\/wp\/v2\/types\/post"}],"author":[{"embeddable":true,"href":"https:\/\/nahoranoticias.com\/index.php?rest_route=\/wp\/v2\/users\/1"}],"replies":[{"embeddable":true,"href":"https:\/\/nahoranoticias.com\/index.php?rest_route=%2Fwp%2Fv2%2Fcomments&post=1467"}],"version-history":[{"count":1,"href":"https:\/\/nahoranoticias.com\/index.php?rest_route=\/wp\/v2\/posts\/1467\/revisions"}],"predecessor-version":[{"id":1469,"href":"https:\/\/nahoranoticias.com\/index.php?rest_route=\/wp\/v2\/posts\/1467\/revisions\/1469"}],"wp:featuredmedia":[{"embeddable":true,"href":"https:\/\/nahoranoticias.com\/index.php?rest_route=\/wp\/v2\/media\/1468"}],"wp:attachment":[{"href":"https:\/\/nahoranoticias.com\/index.php?rest_route=%2Fwp%2Fv2%2Fmedia&parent=1467"}],"wp:term":[{"taxonomy":"category","embeddable":true,"href":"https:\/\/nahoranoticias.com\/index.php?rest_route=%2Fwp%2Fv2%2Fcategories&post=1467"},{"taxonomy":"post_tag","embeddable":true,"href":"https:\/\/nahoranoticias.com\/index.php?rest_route=%2Fwp%2Fv2%2Ftags&post=1467"}],"curies":[{"name":"wp","href":"https:\/\/api.w.org\/{rel}","templated":true}]}}