{"id":1676,"date":"2025-12-10T19:41:17","date_gmt":"2025-12-10T22:41:17","guid":{"rendered":"http:\/\/nahoranoticias.com\/?p=1676"},"modified":"2025-12-10T19:41:18","modified_gmt":"2025-12-10T22:41:18","slug":"publicado-edital-do-processo-seletivo-para-vagas-remanescentes-em-diversos-cursos-tecnicos-concomitantes-e-de-graduacao-do-iftm","status":"publish","type":"post","link":"https:\/\/nahoranoticias.com\/?p=1676","title":{"rendered":"Publicado edital do processo seletivo para vagas remanescentes em diversos cursos T\u00e9cnicos Concomitantes e de Gradua\u00e7\u00e3o do IFTM"},"content":{"rendered":"\n<p class=\"wp-block-paragraph\">S\u00e3o 964 vagas para o 1\u00b0 semestre de 2026. Inscri\u00e7\u00f5es de 10 de dezembro a 18 de janeiro; confira as modalidades de ingresso e pr\u00e9-requisitos<\/p>\n\n\n\n<p class=\"wp-block-paragraph\">O Instituto Federal de Educa\u00e7\u00e3o, Ci\u00eancia e Tecnologia do Tri\u00e2ngulo Mineiro (IFTM) publica edital de processo seletivo para preenchimento de 964 vagas remanescentes dos Cursos T\u00e9cnicos Concomitantes e de Gradua\u00e7\u00e3o do IFTM, para ingresso no 1\u00ba semestre de 2026, dispon\u00edveis em todos os&nbsp;<em>campi<\/em>&nbsp;do IFTM: Avan\u00e7ado Campina Verde, Ituiutaba, Paracatu, Patos de Minas, Patroc\u00ednio, Uberaba, Uberaba Parque Tecnol\u00f3gico, Uberl\u00e2ndia e Uberl\u00e2ndia Centro.<\/p>\n\n\n\n<p class=\"wp-block-paragraph\">Interessados podem se inscrever de 10 de dezembro de 2025 a 18 de janeiro de 2026 na p\u00e1gina de Ingresso do IFTM. H\u00e1 uma taxa de inscri\u00e7\u00e3o no valor de R$60,00 (sessenta reais), que pode ser paga via Guia de Recolhimento da Uni\u00e3o (GRU) ou PIX. Aqueles candidatos que n\u00e3o tiverem condi\u00e7\u00f5es de arcar com a taxa de inscri\u00e7\u00e3o podem solicitar a isen\u00e7\u00e3o do pagamento da taxa de 10 de dezembro de 2026 a 11 de janeiro de 2026.<\/p>\n\n\n\n<p class=\"wp-block-paragraph\">Poder\u00e1 solicitar isen\u00e7\u00e3o de inscri\u00e7\u00e3o o candidato(a) que cursou todos os anos do ensino fundamental ou do ensino m\u00e9dio em escola da rede p\u00fablica ou foi bolsista integral em escola particular e que possua renda familiar igual ou inferior a um sal\u00e1rio-m\u00ednimo e meio por pessoa ou candidatos(as) inscritos no Cad\u00danico.<\/p>\n\n\n\n<p class=\"wp-block-paragraph\"><strong>Modalidades de inscri\u00e7\u00e3o<\/strong><\/p>\n\n\n\n<p class=\"wp-block-paragraph\">No ato da inscri\u00e7\u00e3o, o candidato deve optar por uma das seguintes modalidades de inscri\u00e7\u00e3o: transfer\u00eancia interna; transfer\u00eancia externa de institui\u00e7\u00e3o de ensino p\u00fablico; transfer\u00eancia externa de institui\u00e7\u00e3o de ensino particular; reingresso e portador de diploma de curso T\u00e9cnico ou Gradua\u00e7\u00e3o.<\/p>\n\n\n\n<p class=\"wp-block-paragraph\">Al\u00e9m disso, deve escolher apenas um dos cursos\/per\u00edodos constantes no quadro de vagas, devendo anexar, no formul\u00e1rio de inscri\u00e7\u00e3o, em campo espec\u00edfico, c\u00f3pias digitais dos documentos obrigat\u00f3rios, de acordo com a modalidade escolhida, dispon\u00edveis no item 8 do edital.<\/p>\n\n\n\n<p class=\"wp-block-paragraph\">A transfer\u00eancia interna \u00e9 permitida aos estudantes regulares do IFTM para o mesmo curso ou cursos de \u00e1reas afins, desde que n\u00e3o tenham ingressado anteriormente por outro processo seletivo de vagas remanescentes e sendo permitida apenas uma \u00fanica vez por estudante.<\/p>\n\n\n\n<p class=\"wp-block-paragraph\">Pr\u00e9-requisito: ter conclu\u00eddo no m\u00ednimo 50% das disciplinas dos per\u00edodos anteriores ao que se candidata, conforme grade curricular do curso de origem e estar regularmente matriculado no IFTM para o 1\u00ba semestre de 2026.<\/p>\n\n\n\n<p class=\"wp-block-paragraph\">J\u00e1 a transfer\u00eancia externa (candidato vindo de institui\u00e7\u00e3o de ensino p\u00fablico) \u00e9 permitida aos candidatos vindos de outras institui\u00e7\u00f5es de ensino p\u00fablico (federal, estadual, municipal), ou de outra unidade do IFTM, para o mesmo curso ou cursos de \u00e1reas afins.<\/p>\n\n\n\n<p class=\"wp-block-paragraph\">Pr\u00e9-requisito: terem conclu\u00eddo na institui\u00e7\u00e3o de origem, conforme sua grade curricular, no m\u00ednimo 50% das disciplinas dos per\u00edodos anteriores ao que se candidata e estar regularmente matriculado no 1\u00ba semestre de 2026.<\/p>\n\n\n\n<p class=\"wp-block-paragraph\">A transfer\u00eancia externa (candidato vindo de institui\u00e7\u00e3o de ensino privado) \u00e9 permitida ao candidato vindo de institui\u00e7\u00f5es de ensino particular para o mesmo curso ou cursos de \u00e1reas afins.<\/p>\n\n\n\n<p class=\"wp-block-paragraph\">Pr\u00e9-requisito: ter conclu\u00eddo na institui\u00e7\u00e3o de origem conforme sua grade curricular, no m\u00ednimo 50% das disciplinas dos per\u00edodos anteriores ao que se candidata e estar regularmente matriculado no 1\u00ba semestre de 2026.<\/p>\n\n\n\n<p class=\"wp-block-paragraph\">O reingresso s\u00f3 ser\u00e1 concedido uma \u00fanica vez para o mesmo curso aos estudantes do IFTM.<\/p>\n\n\n\n<p class=\"wp-block-paragraph\">Pr\u00e9-requisito: desistente que n\u00e3o tenha sido desligado ou desvinculado do curso em decorr\u00eancia de processo disciplinar e que se enquadre nos per\u00edodos ofertados neste processo seletivo, observando-se que somente podem ser aproveitadas as disciplinas cursadas.<\/p>\n\n\n\n<p class=\"wp-block-paragraph\">Os portadores de diploma de curso t\u00e9cnico podem requerer inscri\u00e7\u00e3o para cursos t\u00e9cnicos concomitantes de \u00e1reas afins ao j\u00e1 conclu\u00eddo. E os portadores de diploma de curso de gradua\u00e7\u00e3o podem requerer inscri\u00e7\u00e3o para os cursos t\u00e9cnicos concomitantes ou de gradua\u00e7\u00e3o de \u00e1reas afins ao j\u00e1 conclu\u00eddo.<\/p>\n\n\n\n<p class=\"wp-block-paragraph\">Pr\u00e9-requisito: terem conclu\u00eddo curso t\u00e9cnico ou de gradua\u00e7\u00e3o e diploma registrado em Institui\u00e7\u00e3o de Ensino credenciada pelo MEC.<\/p>\n\n\n\n<p class=\"wp-block-paragraph\"><strong>Sele\u00e7\u00e3o<\/strong><\/p>\n\n\n\n<p class=\"wp-block-paragraph\">O preenchimento das vagas ocorre mediante classifica\u00e7\u00e3o dos candidatos por ordem decrescente da pontua\u00e7\u00e3o obtida na soma dos pontos obtidos nos seguintes itens: percentual de disciplinas aprovadas na institui\u00e7\u00e3o de origem que podem ser aproveitadas na grade curricular do curso pretendido e m\u00e9dia das notas obtidas nas disciplinas aprovadas na institui\u00e7\u00e3o de origem que podem ser aproveitadas na grade curricular do curso pretendido.<\/p>\n\n\n\n<p class=\"wp-block-paragraph\">Al\u00e9m disso, a classifica\u00e7\u00e3o dos(as) candidatos(as) ser\u00e1 realizada de acordo com a seguinte ordem de prioridade: 1\u00ba \u2013 Transfer\u00eancia Interna; 2\u00ba \u2013 Transfer\u00eancia Externa \u2013 Institui\u00e7\u00f5es de ensino p\u00fablico; 3\u00ba \u2013 Transfer\u00eancia Externa&nbsp; \u2013 Institui\u00e7\u00f5es de ensino particular; 4\u00ba \u2013 Reingresso e 5\u00ba \u2013 Portador de diploma.<\/p>\n\n\n\n<p class=\"wp-block-paragraph\"><strong>Resultados e matr\u00edculas<\/strong><\/p>\n\n\n\n<p class=\"wp-block-paragraph\">O resultado preliminar ser\u00e1 divulgado no dia 9 de fevereiro de 2026, e o resultado final, no dia 11 de fevereiro de 2026, ambos na p\u00e1gina Ingresso do IFTM, contendo lista de classifica\u00e7\u00e3o por curso.<\/p>\n\n\n\n<p class=\"wp-block-paragraph\">Os(as) candidatos(as) aprovados(as) ser\u00e3o convocados(as) para matr\u00edcula, observando-se o quantitativo de vagas dispon\u00edveis, a partir de 11 de fevereiro de 2026. Os(as) candidatos(as) n\u00e3o classificados(as) dentro do quantitativo de vagas ficar\u00e3o na lista de espera e dever\u00e3o aguardar eventuais desist\u00eancias ou indeferimentos de matr\u00edcula.<\/p>\n\n\n\n<p class=\"wp-block-paragraph\">Para mais informa\u00e7\u00f5es, leia a \u00edntegra do edital na&nbsp;<a href=\"https:\/\/iftm.edu.br\/ingresso\/remanescentes\/\" target=\"_blank\" rel=\"noreferrer noopener\">p\u00e1gina Ingresso do IFTM<\/a>.<\/p>\n","protected":false},"excerpt":{"rendered":"<p>S\u00e3o 964 vagas para o 1\u00b0 semestre de 2026. Inscri\u00e7\u00f5es de 10 de dezembro a 18 de janeiro; confira as&hellip;<\/p>\n","protected":false},"author":1,"featured_media":1677,"comment_status":"open","ping_status":"open","sticky":false,"template":"","format":"standard","meta":{"_crdt_document":"","footnotes":""},"categories":[20],"tags":[],"class_list":["post-1676","post","type-post","status-publish","format-standard","has-post-thumbnail","hentry","category-educacao"],"_links":{"self":[{"href":"https:\/\/nahoranoticias.com\/index.php?rest_route=\/wp\/v2\/posts\/1676","targetHints":{"allow":["GET"]}}],"collection":[{"href":"https:\/\/nahoranoticias.com\/index.php?rest_route=\/wp\/v2\/posts"}],"about":[{"href":"https:\/\/nahoranoticias.com\/index.php?rest_route=\/wp\/v2\/types\/post"}],"author":[{"embeddable":true,"href":"https:\/\/nahoranoticias.com\/index.php?rest_route=\/wp\/v2\/users\/1"}],"replies":[{"embeddable":true,"href":"https:\/\/nahoranoticias.com\/index.php?rest_route=%2Fwp%2Fv2%2Fcomments&post=1676"}],"version-history":[{"count":1,"href":"https:\/\/nahoranoticias.com\/index.php?rest_route=\/wp\/v2\/posts\/1676\/revisions"}],"predecessor-version":[{"id":1678,"href":"https:\/\/nahoranoticias.com\/index.php?rest_route=\/wp\/v2\/posts\/1676\/revisions\/1678"}],"wp:featuredmedia":[{"embeddable":true,"href":"https:\/\/nahoranoticias.com\/index.php?rest_route=\/wp\/v2\/media\/1677"}],"wp:attachment":[{"href":"https:\/\/nahoranoticias.com\/index.php?rest_route=%2Fwp%2Fv2%2Fmedia&parent=1676"}],"wp:term":[{"taxonomy":"category","embeddable":true,"href":"https:\/\/nahoranoticias.com\/index.php?rest_route=%2Fwp%2Fv2%2Fcategories&post=1676"},{"taxonomy":"post_tag","embeddable":true,"href":"https:\/\/nahoranoticias.com\/index.php?rest_route=%2Fwp%2Fv2%2Ftags&post=1676"}],"curies":[{"name":"wp","href":"https:\/\/api.w.org\/{rel}","templated":true}]}}