{"id":3499,"date":"2026-02-17T17:15:30","date_gmt":"2026-02-17T20:15:30","guid":{"rendered":"http:\/\/nahoranoticias.com\/?p=3499"},"modified":"2026-02-17T17:15:32","modified_gmt":"2026-02-17T20:15:32","slug":"nova-especie-de-perereca-e-descoberta-no-cerrado-mineiro","status":"publish","type":"post","link":"https:\/\/nahoranoticias.com\/?p=3499","title":{"rendered":"Nova esp\u00e9cie de perereca \u00e9 descoberta no Cerrado mineiro"},"content":{"rendered":"\n<p class=\"wp-block-paragraph\">Ololygon paracatu \u00e9 end\u00eamica e refor\u00e7a alerta ambiental<\/p>\n\n\n\n<p class=\"wp-block-paragraph\">Pesquisadores descobriram uma nova esp\u00e9cie de perereca que habita exclusivamente o Cerrado do noroeste de Minas Gerais. Batizado de Ololygon paracatu, o anf\u00edbio tem distribui\u00e7\u00e3o extremamente restrita e foi registrado apenas em duas localidades pr\u00f3ximas no munic\u00edpio de Paracatu.<img decoding=\"async\" src=\"https:\/\/agenciabrasil.ebc.com.br\/ebc.png?id=1678450&amp;o=node\"><img decoding=\"async\" src=\"https:\/\/agenciabrasil.ebc.com.br\/ebc.gif?id=1678450&amp;o=node\"><\/p>\n\n\n\n<p class=\"wp-block-paragraph\">A pesquisa envolve institui\u00e7\u00f5es como a Universidade de Bras\u00edlia (UnB), o Instituto Chico Mendes de Conserva\u00e7\u00e3o da Biodiversidade (ICMBio), a Universidade Federal de Goi\u00e1s (UFG) e o Museo Argentino de Ciencias Naturales.\u00a0O resultado do\u00a0estudo foi publicado\u00a0na revista cient\u00edfica\u00a0<em>Zootaxa<\/em>.<\/p>\n\n\n\n<p class=\"wp-block-paragraph\">O estudo combinou an\u00e1lises gen\u00e9ticas, compara\u00e7\u00f5es morfol\u00f3gicas e grava\u00e7\u00f5es de vocaliza\u00e7\u00f5es. Parte essencial desse processo envolveu o uso de cole\u00e7\u00f5es biol\u00f3gicas.<\/p>\n\n\n\n<p class=\"wp-block-paragraph\"><strong>De pequeno porte, a esp\u00e9cie apresenta diferen\u00e7as morfol\u00f3gicas, ac\u00fasticas e moleculares em rela\u00e7\u00e3o a outras pererecas do mesmo g\u00eanero.<\/strong>&nbsp;Os machos medem entre 20,4 e 28,2 mil\u00edmetros, enquanto as f\u00eameas variam de 29,3 a 35,2 mil\u00edmetros.<\/p>\n\n\n\n<p class=\"wp-block-paragraph\">Assim como outras esp\u00e9cies do g\u00eanero Ololygon, o animal vive nas chamadas matas de galeria, vegeta\u00e7\u00e3o florestal associadas a rios de pequeno porte, c\u00f3rregos de \u00e1guas r\u00e1pidas e leito rochoso. A nova esp\u00e9cie \u00e9 a oitava do g\u00eanero Ololygon descrita no Cerrado, ampliando a lista de anf\u00edbios end\u00eamicos do bioma.<\/p>\n\n\n\n<h2 class=\"wp-block-heading\">Homenagem<\/h2>\n\n\n\n<p class=\"wp-block-paragraph\"><strong>O nome da nova esp\u00e9cie faz refer\u00eancia ao Rio Paracatu, um dos principais afluentes do Rio S\u00e3o Francisco.<\/strong>&nbsp;A escolha carrega tamb\u00e9m um alerta ambiental. Durante o trabalho de campo, os pesquisadores observaram sinais de degrada\u00e7\u00e3o em parte dos riachos analisados, como assoreamento.<\/p>\n\n\n\n<p class=\"wp-block-paragraph\">\u201cA conserva\u00e7\u00e3o dos c\u00f3rregos e riachos onde essa nova esp\u00e9cie vive \u00e9 essencial n\u00e3o apenas para sua sobreviv\u00eancia, mas para a manuten\u00e7\u00e3o do pr\u00f3prio Rio Paracatu e seus afluentes\u201d, alerta Daniele Carvalho, pesquisadora do Centro Nacional de Pesquisa e Conserva\u00e7\u00e3o de R\u00e9pteis e Anf\u00edbios (RAN-ICMBio) e primeira autora do estudo.<\/p>\n\n\n\n<blockquote class=\"wp-block-quote is-layout-flow wp-block-quote-is-layout-flow\">\n<p class=\"wp-block-paragraph\">\u201cDescrever uma esp\u00e9cie \u00e9 dar um nome a ela; \u00e9 torn\u00e1-la vis\u00edvel para a ci\u00eancia e para a sociedade. Esperamos que esse nome ajude a chamar a aten\u00e7\u00e3o para a crise h\u00eddrica e ambiental que assola essa importante bacia hidrogr\u00e1fica e que amea\u00e7a n\u00e3o apenas aos anf\u00edbios, mas toda sociedade\u201d, afirma Daniele.<\/p>\n<\/blockquote>\n\n\n\n<p class=\"wp-block-paragraph\">\u201cA pesquisa \u00e9 fruto de anos de esmero e dedica\u00e7\u00e3o ao estudo dos anf\u00edbios do Cerrado, um bioma incrivelmente rico, por\u00e9m severamente subestimado e amea\u00e7ado\u201d, complementa Reuber Brand\u00e3o, professor da UnB e membro da RECN, iniciativa da Funda\u00e7\u00e3o Grupo Botic\u00e1rio.<\/p>\n","protected":false},"excerpt":{"rendered":"<p>Ololygon paracatu \u00e9 end\u00eamica e refor\u00e7a alerta ambiental Pesquisadores descobriram uma nova esp\u00e9cie de perereca que habita exclusivamente o Cerrado&hellip;<\/p>\n","protected":false},"author":1,"featured_media":3500,"comment_status":"open","ping_status":"open","sticky":false,"template":"","format":"standard","meta":{"_crdt_document":"","footnotes":""},"categories":[29],"tags":[],"class_list":["post-3499","post","type-post","status-publish","format-standard","has-post-thumbnail","hentry","category-meio-ambiente"],"_links":{"self":[{"href":"https:\/\/nahoranoticias.com\/index.php?rest_route=\/wp\/v2\/posts\/3499","targetHints":{"allow":["GET"]}}],"collection":[{"href":"https:\/\/nahoranoticias.com\/index.php?rest_route=\/wp\/v2\/posts"}],"about":[{"href":"https:\/\/nahoranoticias.com\/index.php?rest_route=\/wp\/v2\/types\/post"}],"author":[{"embeddable":true,"href":"https:\/\/nahoranoticias.com\/index.php?rest_route=\/wp\/v2\/users\/1"}],"replies":[{"embeddable":true,"href":"https:\/\/nahoranoticias.com\/index.php?rest_route=%2Fwp%2Fv2%2Fcomments&post=3499"}],"version-history":[{"count":1,"href":"https:\/\/nahoranoticias.com\/index.php?rest_route=\/wp\/v2\/posts\/3499\/revisions"}],"predecessor-version":[{"id":3501,"href":"https:\/\/nahoranoticias.com\/index.php?rest_route=\/wp\/v2\/posts\/3499\/revisions\/3501"}],"wp:featuredmedia":[{"embeddable":true,"href":"https:\/\/nahoranoticias.com\/index.php?rest_route=\/wp\/v2\/media\/3500"}],"wp:attachment":[{"href":"https:\/\/nahoranoticias.com\/index.php?rest_route=%2Fwp%2Fv2%2Fmedia&parent=3499"}],"wp:term":[{"taxonomy":"category","embeddable":true,"href":"https:\/\/nahoranoticias.com\/index.php?rest_route=%2Fwp%2Fv2%2Fcategories&post=3499"},{"taxonomy":"post_tag","embeddable":true,"href":"https:\/\/nahoranoticias.com\/index.php?rest_route=%2Fwp%2Fv2%2Ftags&post=3499"}],"curies":[{"name":"wp","href":"https:\/\/api.w.org\/{rel}","templated":true}]}}