{"id":4248,"date":"2026-03-08T15:30:41","date_gmt":"2026-03-08T18:30:41","guid":{"rendered":"http:\/\/nahoranoticias.com\/?p=4248"},"modified":"2026-03-08T15:30:43","modified_gmt":"2026-03-08T18:30:43","slug":"psicologa-brasileira-some-na-inglaterra-itamaraty-acompanha-o-caso","status":"publish","type":"post","link":"https:\/\/nahoranoticias.com\/?p=4248","title":{"rendered":"Psic\u00f3loga brasileira some na Inglaterra; Itamaraty acompanha o caso"},"content":{"rendered":"\n<p class=\"wp-block-paragraph\">Vit\u00f3ria Barreto est\u00e1 desaparecida desde o \u00faltimo dia 3<\/p>\n\n\n\n<figure class=\"wp-block-audio\"><audio controls src=\"http:\/\/nahoranoticias.com\/wp-content\/uploads\/2026\/03\/253495.mp3\"><\/audio><\/figure>\n\n\n\n<p class=\"wp-block-paragraph\">A psic\u00f3loga cearense Vit\u00f3ria Figueiredo Barreto, 30 anos, est\u00e1 desaparecida na Inglaterra desde o \u00faltimo dia 3.\u00a0Nas redes sociais, amigos e familiares relatam que ela foi vista pela \u00faltima vez no campus da Universidade de Essex, perto de Londres. Em nota, o Minist\u00e9rio das Rela\u00e7\u00f5es Exteriores informou \u00e0\u00a0Ag\u00eancia Brasil\u00a0que acompanha o caso.<img decoding=\"async\" src=\"https:\/\/agenciabrasil.ebc.com.br\/ebc.png?id=1681085&amp;o=node\"><img decoding=\"async\" src=\"https:\/\/agenciabrasil.ebc.com.br\/ebc.gif?id=1681085&amp;o=node\"><\/p>\n\n\n\n<p class=\"wp-block-paragraph\">No comunicado, o Itamaraty destacou que\u00a0monitora o desaparecimento da brasileira por meio do Consulado-Geral do Brasil na capital brit\u00e2nica e que mant\u00e9m contato com as autoridades locais e com a fam\u00edlia de Vit\u00f3ria, \u201ca quem tem sido prestada a assist\u00eancia consular devida\u201d.<\/p>\n\n\n\n<p class=\"wp-block-paragraph\">A pol\u00edcia de Essex informou que Vit\u00f3ria\u00a0foi vista pela \u00faltima vez embarcando em um \u00f4nibus por volta das 13h (hor\u00e1rio local) da \u00faltima ter\u00e7a-feira e desembarcando 30 minutos depois na regi\u00e3o da marina de Brightlingsea.<\/p>\n\n\n\n<blockquote class=\"wp-block-quote is-layout-flow wp-block-quote-is-layout-flow\">\n<p class=\"wp-block-paragraph\">\u201cEstamos preocupados e precisamos encontr\u00e1-la para garantir sua seguran\u00e7a\u201d, destacou a corpora\u00e7\u00e3o.<\/p>\n<\/blockquote>\n\n\n\n<p class=\"wp-block-paragraph\">Ainda segundo a pol\u00edcia, Vit\u00f3ria usava um casaco escuro, um su\u00e9ter de gola alta azul, uma cal\u00e7a jeans de cor clara e um t\u00eanis preto e carregava uma bolsa branca de ombro com a frase \u201cPeople over profit\u201d.\u00a0A orienta\u00e7\u00e3o \u00e9 que qualquer pessoa no pa\u00eds com informa\u00e7\u00f5es sobre a brasileira ligue para o n\u00famero 999.<\/p>\n\n\n\n<p class=\"wp-block-paragraph\">Amigos e familiares solicitaram \u00e0s autoridades locais refor\u00e7o, sobretudo, nas buscas marinhas, j\u00e1 que o\u00a0\u00faltimo sinal emitido pelo celular de Vit\u00f3ria indicou uma localiza\u00e7\u00e3o no mar, pr\u00f3ximo \u00e0s docas onde ela teria desaparecido. Pessoas pr\u00f3ximas \u00e0 brasileira relatam preocupa\u00e7\u00e3o, inclusive, diante das baixas temperaturas registradas na regi\u00e3o.<\/p>\n\n\n\n<p class=\"wp-block-paragraph\">Em nota, o\u00a0Conselho Regional de Psicologia do Cear\u00e1 manifestou solidariedade \u00e0 fam\u00edlia, aos amigos e colegas de Vit\u00f3ria diante do desaparecimento da psic\u00f3loga. Segundo a entidade, a brasileira atua no Projeto 4 Varas, iniciativa reconhecida nacionalmente por suas pr\u00e1ticas comunit\u00e1rias e pela promo\u00e7\u00e3o no cuidado \u00e0 sa\u00fade mental.<\/p>\n\n\n\n<blockquote class=\"wp-block-quote is-layout-flow wp-block-quote-is-layout-flow\">\n<p class=\"wp-block-paragraph\">\u201cNeste momento de apreens\u00e3o, o conselho se une em apoio \u00e0 fam\u00edlia e \u00e0s pessoas pr\u00f3ximas, na esperan\u00e7a de que a profissional seja encontrada em seguran\u00e7a.<br>Tamb\u00e9m refor\u00e7a a import\u00e2ncia da mobiliza\u00e7\u00e3o coletiva, da circula\u00e7\u00e3o respons\u00e1vel de informa\u00e7\u00f5es e da colabora\u00e7\u00e3o com as autoridades competentes para contribuir com as buscas.\u201d<\/p>\n<\/blockquote>\n","protected":false},"excerpt":{"rendered":"<p>Vit\u00f3ria Barreto est\u00e1 desaparecida desde o \u00faltimo dia 3 A psic\u00f3loga cearense Vit\u00f3ria Figueiredo Barreto, 30 anos, est\u00e1 desaparecida na&hellip;<\/p>\n","protected":false},"author":1,"featured_media":4251,"comment_status":"open","ping_status":"open","sticky":false,"template":"","format":"standard","meta":{"_crdt_document":"","footnotes":""},"categories":[24],"tags":[],"class_list":["post-4248","post","type-post","status-publish","format-standard","has-post-thumbnail","hentry","category-investigacao"],"_links":{"self":[{"href":"https:\/\/nahoranoticias.com\/index.php?rest_route=\/wp\/v2\/posts\/4248","targetHints":{"allow":["GET"]}}],"collection":[{"href":"https:\/\/nahoranoticias.com\/index.php?rest_route=\/wp\/v2\/posts"}],"about":[{"href":"https:\/\/nahoranoticias.com\/index.php?rest_route=\/wp\/v2\/types\/post"}],"author":[{"embeddable":true,"href":"https:\/\/nahoranoticias.com\/index.php?rest_route=\/wp\/v2\/users\/1"}],"replies":[{"embeddable":true,"href":"https:\/\/nahoranoticias.com\/index.php?rest_route=%2Fwp%2Fv2%2Fcomments&post=4248"}],"version-history":[{"count":1,"href":"https:\/\/nahoranoticias.com\/index.php?rest_route=\/wp\/v2\/posts\/4248\/revisions"}],"predecessor-version":[{"id":4252,"href":"https:\/\/nahoranoticias.com\/index.php?rest_route=\/wp\/v2\/posts\/4248\/revisions\/4252"}],"wp:featuredmedia":[{"embeddable":true,"href":"https:\/\/nahoranoticias.com\/index.php?rest_route=\/wp\/v2\/media\/4251"}],"wp:attachment":[{"href":"https:\/\/nahoranoticias.com\/index.php?rest_route=%2Fwp%2Fv2%2Fmedia&parent=4248"}],"wp:term":[{"taxonomy":"category","embeddable":true,"href":"https:\/\/nahoranoticias.com\/index.php?rest_route=%2Fwp%2Fv2%2Fcategories&post=4248"},{"taxonomy":"post_tag","embeddable":true,"href":"https:\/\/nahoranoticias.com\/index.php?rest_route=%2Fwp%2Fv2%2Ftags&post=4248"}],"curies":[{"name":"wp","href":"https:\/\/api.w.org\/{rel}","templated":true}]}}