{"id":4261,"date":"2026-03-08T15:41:06","date_gmt":"2026-03-08T18:41:06","guid":{"rendered":"http:\/\/nahoranoticias.com\/?p=4261"},"modified":"2026-03-08T15:41:07","modified_gmt":"2026-03-08T18:41:07","slug":"cna-pede-aumento-do-biodiesel-no-diesel-para-conter-alta-de-precos","status":"publish","type":"post","link":"https:\/\/nahoranoticias.com\/?p=4261","title":{"rendered":"CNA pede aumento do biodiesel no diesel para conter alta de pre\u00e7os"},"content":{"rendered":"\n<p class=\"wp-block-paragraph\">Entidade cita conflito no Oriente M\u00e9dio e petr\u00f3leo mais caro<\/p>\n\n\n\n<figure class=\"wp-block-audio\"><audio controls src=\"http:\/\/nahoranoticias.com\/wp-content\/uploads\/2026\/03\/253467.mp3\"><\/audio><\/figure>\n\n\n\n<p class=\"wp-block-paragraph\">A Confedera\u00e7\u00e3o da Agricultura e Pecu\u00e1ria do Brasil (CNA) pediu ao governo federal o aumento da mistura obrigat\u00f3ria de biodiesel ao \u00f3leo diesel no pa\u00eds de 15% para 17%. A entidade afirma que a medida ajudaria a reduzir impactos da alta do petr\u00f3leo provocada pela escalada do conflito no Oriente M\u00e9dio.<img decoding=\"async\" src=\"https:\/\/agenciabrasil.ebc.com.br\/ebc.png?id=1681017&amp;o=node\"><img decoding=\"async\" src=\"https:\/\/agenciabrasil.ebc.com.br\/ebc.gif?id=1681017&amp;o=node\"><\/p>\n\n\n\n<p class=\"wp-block-paragraph\">O pedido foi encaminhado ao ministro de Minas e Energia, Alexandre Silveira, em of\u00edcio assinado pelo presidente da CNA, Jo\u00e3o Martins da Silva.<\/p>\n\n\n\n<p class=\"wp-block-paragraph\">Atualmente, o diesel vendido no Brasil j\u00e1 cont\u00e9m uma parcela obrigat\u00f3ria de biodiesel \u2014 combust\u00edvel renov\u00e1vel produzido principalmente a partir de \u00f3leo de soja e outras mat\u00e9rias-primas vegetais. Esse percentual m\u00ednimo \u00e9 definido pelo Conselho Nacional de Pol\u00edtica Energ\u00e9tica (CNPE) e hoje est\u00e1 fixado em 15%, pr\u00e1tica conhecida no setor como B15.<\/p>\n\n\n\n<p class=\"wp-block-paragraph\">Com o aumento defendido pela CNA, a mistura passaria para B17, ou seja, 17% de biodiesel e 83% de diesel de origem f\u00f3ssil.&nbsp;O conselho tem reuni\u00e3o prevista para a pr\u00f3xima semana, quando o tema poder\u00e1 ser discutido. Caso aprovado, o aumento da mistura passaria a valer para todo o diesel comercializado no Brasil.<\/p>\n\n\n\n<h2 class=\"wp-block-heading\">Preocupa\u00e7\u00f5es<\/h2>\n\n\n\n<p class=\"wp-block-paragraph\">Segundo a entidade, o aumento da tens\u00e3o no Oriente M\u00e9dio tem pressionado os pre\u00e7os internacionais do petr\u00f3leo, o que tende a elevar o valor do diesel no Brasil. O barril do petr\u00f3leo tipo Brent, usado nas negocia\u00e7\u00f5es internacionais, chegou a US$ 84, acumulando alta de cerca de 20% desde o fim de fevereiro.<\/p>\n\n\n\n<p class=\"wp-block-paragraph\">Em carta ao governo, a CNA argumenta que conflitos internacionais costumam provocar efeitos diretos no pre\u00e7o dos combust\u00edveis.<\/p>\n\n\n\n<figure class=\"wp-block-image\"><img decoding=\"async\" src=\"https:\/\/imagens.ebc.com.br\/0M71HAhq2bmYBbo1nITi5QV3aTs=\/754x0\/smart\/https:\/\/agenciabrasil.ebc.com.br\/sites\/default\/files\/atoms\/image\/1010576-06042016-dsc_4289_1.jpg?itok=H_q1Ed0t\" alt=\"Bras\u00edlia - O presidente da CNA, Jo\u00e3o Martins, em entrevista coletiva, fala sobre as dificuldades dos produtores rurais diante do agravamento da crise pol\u00edtica e econ\u00f4mica do pa\u00eds (Marcelo Camargo\/Ag\u00eancia Brasil)\" title=\"Marcelo Camargo\/Ag\u00eancia Brasil\"\/><\/figure>\n\n\n\n<h6 class=\"wp-block-heading\">Bras\u00edlia &#8211; O presidente da CNA, Jo\u00e3o Martins, defende aumento de biodiesel na mistura com o diesel, diante da guerra no Oriente M\u00e9dio&nbsp; (Marcelo Camargo\/Ag\u00eancia Brasil) &#8211;&nbsp;<strong>Marcelo Camargo\/Ag\u00eancia Brasil<\/strong><\/h6>\n\n\n\n<p class=\"wp-block-paragraph\">A entidade cita como exemplo o per\u00edodo anterior \u00e0 invas\u00e3o da Ucr\u00e2nia pela R\u00fassia, em 2022, quando o petr\u00f3leo subiu cerca de 40% no primeiro semestre, com reflexos de altas de aproximadamente 21% no pre\u00e7o do diesel nas distribuidoras e de 23% na revenda.<\/p>\n\n\n\n<p class=\"wp-block-paragraph\">Para a confedera\u00e7\u00e3o, ampliar a participa\u00e7\u00e3o do biodiesel no combust\u00edvel pode ajudar a reduzir a depend\u00eancia do petr\u00f3leo importado e limitar press\u00f5es sobre os custos de transporte no pa\u00eds.<\/p>\n\n\n\n<blockquote class=\"wp-block-quote is-layout-flow wp-block-quote-is-layout-flow\">\n<p class=\"wp-block-paragraph\">\u201cEm antecipa\u00e7\u00e3o aos eventuais impactos \u00e0 popula\u00e7\u00e3o brasileira, o avan\u00e7o da mistura de biodiesel representa medida importante e sustent\u00e1vel para ampliar a oferta de combust\u00edvel no mercado dom\u00e9stico, reduzir press\u00f5es sobre os custos log\u00edsticos e fortalecer a seguran\u00e7a energ\u00e9tica nacional\u201d, afirmou Jo\u00e3o Martins no documento enviado ao minist\u00e9rio.<\/p>\n<\/blockquote>\n\n\n\n<h2 class=\"wp-block-heading\">Impacto no agroneg\u00f3cio<\/h2>\n\n\n\n<p class=\"wp-block-paragraph\">Atualmente, o pre\u00e7o do diesel representa a principal preocupa\u00e7\u00e3o do setor produtivo, especialmente durante o per\u00edodo de colheita da primeira safra e prepara\u00e7\u00e3o do plantio da segunda safra.<\/p>\n\n\n\n<p class=\"wp-block-paragraph\">Produtores relatam eleva\u00e7\u00e3o de at\u00e9 R$ 1 no pre\u00e7o do combust\u00edvel nos postos.\u00a0Com o aumento para 17% na mistura de biodiesel no diesel, avalia a CNA, os postos e as distribuidoras conseguem evitar repasses maiores aos consumidores e poss\u00edveis abusos de pre\u00e7os.<\/p>\n\n\n\n<h2 class=\"wp-block-heading\">Mat\u00e9ria-prima<\/h2>\n\n\n\n<p class=\"wp-block-paragraph\">Do lado da produ\u00e7\u00e3o, a CNA afirma que o Brasil tem condi\u00e7\u00f5es de ampliar rapidamente o uso de biodiesel porque a safra de soja, principal insumo do combust\u00edvel, est\u00e1 em andamento e deve ser recorde neste ano.<\/p>\n\n\n\n<p class=\"wp-block-paragraph\">Com grande disponibilidade de mat\u00e9ria-prima e pre\u00e7os da soja mais baixos em rela\u00e7\u00e3o aos n\u00edveis registrados durante a pandemia de Covid-19, a entidade avalia que o biocombust\u00edvel pode permanecer competitivo.<\/p>\n\n\n\n<p class=\"wp-block-paragraph\">A CNA tamb\u00e9m lembrou que a mistura de 16% (B16) estava prevista para entrar em vigor em 1\u00ba de mar\u00e7o, conforme o cronograma da pol\u00edtica de biocombust\u00edveis, mas ainda n\u00e3o foi implementada.<\/p>\n\n\n\n<p class=\"wp-block-paragraph\"><\/p>\n","protected":false},"excerpt":{"rendered":"<p>Entidade cita conflito no Oriente M\u00e9dio e petr\u00f3leo mais caro A Confedera\u00e7\u00e3o da Agricultura e Pecu\u00e1ria do Brasil (CNA) pediu&hellip;<\/p>\n","protected":false},"author":1,"featured_media":4263,"comment_status":"open","ping_status":"open","sticky":false,"template":"","format":"standard","meta":{"_crdt_document":"","footnotes":""},"categories":[4],"tags":[],"class_list":["post-4261","post","type-post","status-publish","format-standard","has-post-thumbnail","hentry","category-economia"],"_links":{"self":[{"href":"https:\/\/nahoranoticias.com\/index.php?rest_route=\/wp\/v2\/posts\/4261","targetHints":{"allow":["GET"]}}],"collection":[{"href":"https:\/\/nahoranoticias.com\/index.php?rest_route=\/wp\/v2\/posts"}],"about":[{"href":"https:\/\/nahoranoticias.com\/index.php?rest_route=\/wp\/v2\/types\/post"}],"author":[{"embeddable":true,"href":"https:\/\/nahoranoticias.com\/index.php?rest_route=\/wp\/v2\/users\/1"}],"replies":[{"embeddable":true,"href":"https:\/\/nahoranoticias.com\/index.php?rest_route=%2Fwp%2Fv2%2Fcomments&post=4261"}],"version-history":[{"count":1,"href":"https:\/\/nahoranoticias.com\/index.php?rest_route=\/wp\/v2\/posts\/4261\/revisions"}],"predecessor-version":[{"id":4264,"href":"https:\/\/nahoranoticias.com\/index.php?rest_route=\/wp\/v2\/posts\/4261\/revisions\/4264"}],"wp:featuredmedia":[{"embeddable":true,"href":"https:\/\/nahoranoticias.com\/index.php?rest_route=\/wp\/v2\/media\/4263"}],"wp:attachment":[{"href":"https:\/\/nahoranoticias.com\/index.php?rest_route=%2Fwp%2Fv2%2Fmedia&parent=4261"}],"wp:term":[{"taxonomy":"category","embeddable":true,"href":"https:\/\/nahoranoticias.com\/index.php?rest_route=%2Fwp%2Fv2%2Fcategories&post=4261"},{"taxonomy":"post_tag","embeddable":true,"href":"https:\/\/nahoranoticias.com\/index.php?rest_route=%2Fwp%2Fv2%2Ftags&post=4261"}],"curies":[{"name":"wp","href":"https:\/\/api.w.org\/{rel}","templated":true}]}}