{"id":4268,"date":"2026-03-08T15:45:13","date_gmt":"2026-03-08T18:45:13","guid":{"rendered":"http:\/\/nahoranoticias.com\/?p=4268"},"modified":"2026-03-08T15:45:14","modified_gmt":"2026-03-08T18:45:14","slug":"brasil-se-prepara-para-ser-destaque-em-feira-de-tecnologia-na-alemanha","status":"publish","type":"post","link":"https:\/\/nahoranoticias.com\/?p=4268","title":{"rendered":"Brasil se prepara para ser destaque em feira de tecnologia na Alemanha"},"content":{"rendered":"\n<p class=\"wp-block-paragraph\">Delega\u00e7\u00e3o ter\u00e1 140 expositores da \u00e1rea industrial e 300 empresas<\/p>\n\n\n\n<figure class=\"wp-block-audio\"><audio controls src=\"http:\/\/nahoranoticias.com\/wp-content\/uploads\/2026\/03\/253484.mp3\"><\/audio><\/figure>\n\n\n\n<p class=\"wp-block-paragraph\">Famosa por sediar grandes feiras internacionais, a cidade de Hannover, no norte da Alemanha, ser\u00e1 palco, no fim de abril, de uma ampla demonstra\u00e7\u00e3o de tecnologias industriais desenvolvidas por empresas brasileiras.<img decoding=\"async\" src=\"https:\/\/agenciabrasil.ebc.com.br\/ebc.png?id=1680826&amp;o=node\"><img decoding=\"async\" src=\"https:\/\/agenciabrasil.ebc.com.br\/ebc.gif?id=1680826&amp;o=node\"><\/p>\n\n\n\n<p class=\"wp-block-paragraph\">A&nbsp;<a href=\"https:\/\/www.hannovermesse.de\/en\/\" target=\"_blank\" rel=\"noreferrer noopener\">Hannover Messe<\/a>, a maior feira de inova\u00e7\u00e3o e tecnologia industrial do mundo, que acontecer\u00e1 de 20 a 24 de abril, escolheu o Brasil como pa\u00eds parceiro. Representantes de centenas de pa\u00edses s\u00e3o esperados&nbsp;para o evento na cidade de cerca de 550 mil habitantes.<\/p>\n\n\n\n<p class=\"wp-block-paragraph\">Essa \u00e9&nbsp;a segunda vez que o Brasil alcan\u00e7a esse status. A \u00faltima vez foi&nbsp;em 1980, justamente quando a Hannover Messe iniciou a pr\u00e1tica de escolher pa\u00edses parceiros.<\/p>\n\n\n\n<p class=\"wp-block-paragraph\">Em uma \u00e1rea com mais de dez pavilh\u00f5es, expositores e representantes de empresas de diversos pa\u00edses poder\u00e3o trocar informa\u00e7\u00f5es, conhecer e apresentar tecnologias, al\u00e9m de fechar neg\u00f3cios.<\/p>\n\n\n\n<h2 class=\"wp-block-heading\">De IA \u00e0 energia limpa<\/h2>\n\n\n\n<p class=\"wp-block-paragraph\">A Deutsche Messe AG, organizadora da Hannover Messe, espera a presen\u00e7a de 123 mil pessoas de todas as partes do mundo, al\u00e9m de&nbsp;3,5 mil expositores de 60 pa\u00edses. Estar\u00e3o l\u00e1 companhias como Amazon Web Services (AWS), Bosch, Siemens, SAP, Microsoft, Huawei e Accenture.<\/p>\n\n\n\n<p class=\"wp-block-paragraph\">A Hannover Messe vai reunir demonstra\u00e7\u00f5es de tecnologias relacionadas a intelig\u00eancia artificial (IA), rob\u00f3tica, automa\u00e7\u00e3o, digitaliza\u00e7\u00e3o, defesa e descarboniza\u00e7\u00e3o, com incentivo \u00e0 energia limpa. H\u00e1 tamb\u00e9m ambiente para a troca de informa\u00e7\u00f5es sobre pesquisas e transfer\u00eancias de tecnologia.<\/p>\n\n\n\n<p class=\"wp-block-paragraph\">O presidente Luiz In\u00e1cio Lula da Silva e o chanceler (chefe de governo) da Alemanha, Friedrich Merz, confirmaram presen\u00e7a.<\/p>\n\n\n\n<h2 class=\"wp-block-heading\">Pa\u00eds parceiro<\/h2>\n\n\n\n<p class=\"wp-block-paragraph\">Com a parceria, o&nbsp;Brasil ter\u00e1 direito a ocupar pavilh\u00f5es que somam 2,7 mil metros quadrados. A Ag\u00eancia Brasileira de Promo\u00e7\u00e3o de Exporta\u00e7\u00f5es e Investimentos (ApexBrasil) \u2500 vinculada ao Minist\u00e9rio do Desenvolvimento, Ind\u00fastria, Com\u00e9rcio e Servi\u00e7os \u2500 organiza a participa\u00e7\u00e3o do pa\u00eds.<\/p>\n\n\n\n<p class=\"wp-block-paragraph\">Ser\u00e3o 140 expositores brasileiros e uma delega\u00e7\u00e3o formada por 300 empresas, como a fabricante de avi\u00f5es Embraer e a WEG, especializada em motores el\u00e9tricos. H\u00e1 espa\u00e7o tamb\u00e9m para quase 60 startups \u2500 empresas de tecnologia com alto potencial de crescimento r\u00e1pido.<\/p>\n\n\n\n<p class=\"wp-block-paragraph\">Em um encontro com jornalistas, no fim de fevereiro, para anunciar detalhes da Hannover Messe, o CEO (diretor-executivo) da Deutsche Messe AG, Jochen K\u00f6ckler, comentou por que o Brasil foi escolhido pa\u00eds parceiro.<\/p>\n\n\n\n<p class=\"wp-block-paragraph\">\u201cO Brasil \u00e9 a maior economia da Am\u00e9rica do Sul. \u00c9 um pa\u00eds jovem, digital, com empresas muito bem desenvolvidas\u201d, apontou.<\/p>\n\n\n\n<p class=\"wp-block-paragraph\">Para o organizador, o ambiente colocar\u00e1 em evid\u00eancia vantagens competitivas do Brasil.<\/p>\n\n\n\n<p class=\"wp-block-paragraph\">\u201c\u00c9 mais forte em energias renov\u00e1veis do que muitos imaginam, tem uma popula\u00e7\u00e3o 20 anos mais jovem que a europeia e que enxerga oportunidades\u201d, citou.<\/p>\n\n\n\n<p class=\"wp-block-paragraph\">\u201cTodos os esfor\u00e7os devem estar voltados para uma parceria confi\u00e1vel e duradoura e, no fim, bons neg\u00f3cios para todos que estar\u00e3o aqui\u201d, previu.<\/p>\n\n\n\n<figure class=\"wp-block-image\"><img decoding=\"async\" src=\"https:\/\/imagens.ebc.com.br\/x88UTBF1oHKrRXYvWlYxAY2zKAQ=\/754x0\/smart\/https:\/\/agenciabrasil.ebc.com.br\/sites\/default\/files\/thumbnails\/image\/2026\/03\/05\/dr._jochen_kockler_ceo_da_deutsche_messe_ag_credito_divulgacao_hannover_press.jpg?itok=fl6RL738\" alt=\"Hannover, 05\/03\/2026 - Dr. Jochen K\u00f6ckler, CEO da Deutsche Messe, na feira de tecnologia Hannover Messe 2026, a maior feira de tecnologia industrial do mundo. Foto: Hannover Messe\/Divulga\u00e7\u00e3o\" title=\"Hannover Messe\/Divulga\u00e7\u00e3o\"\/><\/figure>\n\n\n\n<h6 class=\"wp-block-heading\">Jochen K\u00f6ckler, CEO da Deutsche Messe, na feira de tecnologia Hannover Messe 2026, a maior feira de tecnologia industrial do mundo. Foto: Hannover Messe\/Divulga\u00e7\u00e3o<\/h6>\n\n\n\n<h2 class=\"wp-block-heading\">Empresas brasileiras<\/h2>\n\n\n\n<p class=\"wp-block-paragraph\">A ApexBrasil foi a respons\u00e1vel pela curadoria de empresas brasileiras representadas na Hannover Messe. A ag\u00eancia de fomento \u00e0 exporta\u00e7\u00e3o atuou tamb\u00e9m na capacita\u00e7\u00e3o, especialmente de pequenos neg\u00f3cios, e&nbsp;viabilizou a infraestrutura para expositores brasileiros.<\/p>\n\n\n\n<p class=\"wp-block-paragraph\">O diretor de opera\u00e7\u00f5es da ApexBrasil Europa, Alex Figueiredo, avalia a feira como uma forma de ampliar a imagem do pa\u00eds no exterior, na vis\u00e3o dele, muito associada \u00e0 \u201cagricultura, carnaval e futebol\u201d.<\/p>\n\n\n\n<p class=\"wp-block-paragraph\">\u201c\u00c9 uma grande oportunidade de mostrar esse outro lado do Brasil, um Brasil inovador, um Brasil que projeta e fabrica avi\u00f5es, carros, caminh\u00f5es, maquin\u00e1rio e software\u201d, diz.<\/p>\n\n\n\n<p class=\"wp-block-paragraph\">Ele destaca que o pa\u00eds j\u00e1 possui protagonismo em um dos temas de interesse da feira,&nbsp;a transi\u00e7\u00e3o energ\u00e9tica.<\/p>\n\n\n\n<p class=\"wp-block-paragraph\">\u201cSomos l\u00edderes em biocombust\u00edveis. Sabemos que muitos pa\u00edses est\u00e3o lutando para reduzir emiss\u00e3o de gases do efeito estufa [causadores do aquecimento global] no transporte. O Brasil tem, por d\u00e9cadas, trabalhado com&nbsp;flex fuel, que \u00e9 uma inven\u00e7\u00e3o brasileira\u201d, assinala ele, lembrando que uma multinacional de origem alem\u00e3, a Volkswagen, foi a primeira montadora a ter um carro&nbsp;flex&nbsp;no Brasil.<\/p>\n\n\n\n<p class=\"wp-block-paragraph\">Um dos pavilh\u00f5es ocupados por expositores brasileiros contar\u00e1 com 30 empresas dedicadas \u00e0 energia renov\u00e1vel, aos biocombust\u00edveis e \u00e0 eletrifica\u00e7\u00e3o.<\/p>\n\n\n\n<p class=\"wp-block-paragraph\">Para o representante brasileiro, a mensagem que o pa\u00eds passar\u00e1 \u00e9 a de que \u201co Brasil est\u00e1 pronto para colaborar, investir e inovar juntos\u201d.<\/p>\n\n\n\n<figure class=\"wp-block-image\"><img decoding=\"async\" src=\"https:\/\/imagens.ebc.com.br\/s9Ar60XCfQX8OIPhgGZrlMtCYMs=\/754x0\/smart\/https:\/\/agenciabrasil.ebc.com.br\/sites\/default\/files\/thumbnails\/image\/2026\/03\/05\/robotica_e_ia_sao_destaques_da_hannover_messe_-_credito_divulgacao_hannover_messe.jpg?itok=ohNadrq3\" alt=\"Hannover, 05\/03\/2026 - A feira de tecnologia Hannover Messe 2026, a maior feira de tecnologia industrial do mundo. Foto: Hannover Messe\/Divulga\u00e7\u00e3o\" title=\"Hannover Messe\/Divulga\u00e7\u00e3o\"\/><\/figure>\n\n\n\n<h2 class=\"wp-block-heading\">Emprego e renda<\/h2>\n\n\n\n<p class=\"wp-block-paragraph\">Em conversa com a\u00a0Ag\u00eancia Brasil, a representante regional da ApexBrasil, M\u00e1rcia Nejaim, assinalou a rela\u00e7\u00e3o entre inova\u00e7\u00e3o e desenvolvimento econ\u00f4mico.<\/p>\n\n\n\n<blockquote class=\"wp-block-quote is-layout-flow wp-block-quote-is-layout-flow\">\n<p class=\"wp-block-paragraph\">\u201cAs empresas que exportam inovam mais, geram empregos com melhores sal\u00e1rios e geram mais empregos\u201d, sustenta.<\/p>\n<\/blockquote>\n\n\n\n<p class=\"wp-block-paragraph\">\u201cNa medida que esse c\u00edrculo virtuoso vai acontecendo, a gente consegue gerar um impacto real na vida do brasileiro, na gera\u00e7\u00e3o de empregos de boa qualidade e de mais empregos\u201d, conclui.<\/p>\n\n\n\n<p class=\"wp-block-paragraph\">\u00c0 plateia de cerca de 100 jornalistas, quase todos estrangeiros, o embaixador do Brasil na Alemanha, Rodrigo Baena Soares, apresentou o pa\u00eds sul-americano como democracia est\u00e1vel e forte economia emergente.<\/p>\n\n\n\n<p class=\"wp-block-paragraph\">\u201cCompartilhamos valores, compartilhamos institui\u00e7\u00f5es democr\u00e1ticas, assim como os desafios comuns em nossas capacidades industriais, mas tamb\u00e9m a prontid\u00e3o para agir juntos para maximizar resultados ganha-ganha para nossas sociedades\u201d, declarou.<\/p>\n\n\n\n<figure class=\"wp-block-image\"><img decoding=\"async\" src=\"https:\/\/imagens.ebc.com.br\/E0Yx-DNw3eSKNCyrm2kjHhVKvZc=\/754x0\/smart\/https:\/\/agenciabrasil.ebc.com.br\/sites\/default\/files\/thumbnails\/image\/2026\/03\/05\/embaixador_do_brasil_na_alemanha_rodrigo_baena_soares_credito_divulgacao_hannover_press.jpg?itok=2_LdWeIx\" alt=\"Hannover, 05\/03\/2026 - Embaixador do Brasil na Alemanha, Rodrigo Baena Soares, na feira de tecnologia Hannover Messe 2026, a maior feira de tecnologia industrial do mundo. Foto: Hannover Messe\/Divulga\u00e7\u00e3o\" title=\"Hannover Messe\/Divulga\u00e7\u00e3o\"\/><\/figure>\n\n\n\n<h6 class=\"wp-block-heading\">Embaixador do Brasil na Alemanha, Rodrigo Baena Soares, na feira de tecnologia Hannover Messe 2026, a maior feira de tecnologia industrial do mundo. Foto: Hannover Messe\/Divulga\u00e7\u00e3o<\/h6>\n\n\n\n<p class=\"wp-block-paragraph\">Em conversa com a&nbsp;<strong>Ag\u00eancia Brasil<\/strong>, o diplomata classificou a ind\u00fastria brasileira como de muita criatividade e com grande conte\u00fado tecnol\u00f3gico.<\/p>\n\n\n\n<p class=\"wp-block-paragraph\">\u201cTemos uma ind\u00fastria que vai mostrar ao p\u00fablico, n\u00e3o s\u00f3 o alem\u00e3o, mas tamb\u00e9m ao europeu, a sua enorme capacidade de encontrar solu\u00e7\u00f5es para diversas \u00e1reas\u201d, antecipou.<\/p>\n","protected":false},"excerpt":{"rendered":"<p>Delega\u00e7\u00e3o ter\u00e1 140 expositores da \u00e1rea industrial e 300 empresas Famosa por sediar grandes feiras internacionais, a cidade de Hannover,&hellip;<\/p>\n","protected":false},"author":1,"featured_media":4270,"comment_status":"open","ping_status":"open","sticky":false,"template":"","format":"standard","meta":{"_crdt_document":"","footnotes":""},"categories":[26],"tags":[],"class_list":["post-4268","post","type-post","status-publish","format-standard","has-post-thumbnail","hentry","category-ciencia-e-tecnologia"],"_links":{"self":[{"href":"https:\/\/nahoranoticias.com\/index.php?rest_route=\/wp\/v2\/posts\/4268","targetHints":{"allow":["GET"]}}],"collection":[{"href":"https:\/\/nahoranoticias.com\/index.php?rest_route=\/wp\/v2\/posts"}],"about":[{"href":"https:\/\/nahoranoticias.com\/index.php?rest_route=\/wp\/v2\/types\/post"}],"author":[{"embeddable":true,"href":"https:\/\/nahoranoticias.com\/index.php?rest_route=\/wp\/v2\/users\/1"}],"replies":[{"embeddable":true,"href":"https:\/\/nahoranoticias.com\/index.php?rest_route=%2Fwp%2Fv2%2Fcomments&post=4268"}],"version-history":[{"count":1,"href":"https:\/\/nahoranoticias.com\/index.php?rest_route=\/wp\/v2\/posts\/4268\/revisions"}],"predecessor-version":[{"id":4271,"href":"https:\/\/nahoranoticias.com\/index.php?rest_route=\/wp\/v2\/posts\/4268\/revisions\/4271"}],"wp:featuredmedia":[{"embeddable":true,"href":"https:\/\/nahoranoticias.com\/index.php?rest_route=\/wp\/v2\/media\/4270"}],"wp:attachment":[{"href":"https:\/\/nahoranoticias.com\/index.php?rest_route=%2Fwp%2Fv2%2Fmedia&parent=4268"}],"wp:term":[{"taxonomy":"category","embeddable":true,"href":"https:\/\/nahoranoticias.com\/index.php?rest_route=%2Fwp%2Fv2%2Fcategories&post=4268"},{"taxonomy":"post_tag","embeddable":true,"href":"https:\/\/nahoranoticias.com\/index.php?rest_route=%2Fwp%2Fv2%2Ftags&post=4268"}],"curies":[{"name":"wp","href":"https:\/\/api.w.org\/{rel}","templated":true}]}}