{"id":4329,"date":"2026-03-09T15:21:12","date_gmt":"2026-03-09T18:21:12","guid":{"rendered":"http:\/\/nahoranoticias.com\/?p=4329"},"modified":"2026-03-09T15:21:13","modified_gmt":"2026-03-09T18:21:13","slug":"edital-destina-r-25-milhoes-a-pesquisas-sobre-clima-e-economia","status":"publish","type":"post","link":"https:\/\/nahoranoticias.com\/?p=4329","title":{"rendered":"Edital destina R$ 2,5 milh\u00f5es a pesquisas sobre clima e economia"},"content":{"rendered":"\n<p class=\"wp-block-paragraph\">Iniciativa busca aproximar estudos acad\u00eamicos de decis\u00f5es p\u00fablicas<\/p>\n\n\n\n<figure class=\"wp-block-audio\"><audio controls src=\"http:\/\/nahoranoticias.com\/wp-content\/uploads\/2026\/03\/253452.mp3\"><\/audio><\/figure>\n\n\n\n<p class=\"wp-block-paragraph\">O Instituto Clima e Sociedade (iCS) lan\u00e7ar\u00e1 no dia 9 de mar\u00e7o o edital\u00a0<em>Clima na Economia: Integrando a Quest\u00e3o Clim\u00e1tica \u00e0 Agenda Econ\u00f4mica<\/em>.\u00a0A chamada pretende financiar projetos de pesquisa aplicada que produzam conhecimento com uso direto em pol\u00edticas p\u00fablicas, estrat\u00e9gias empresariais e decis\u00f5es de investimento no Brasil.<img decoding=\"async\" src=\"https:\/\/agenciabrasil.ebc.com.br\/ebc.png?id=1680927&amp;o=node\"><img decoding=\"async\" src=\"https:\/\/agenciabrasil.ebc.com.br\/ebc.gif?id=1680927&amp;o=node\"><\/p>\n\n\n\n<p class=\"wp-block-paragraph\">Ser\u00e3o destinados at\u00e9 R$ 2,5 milh\u00f5es para apoiar estudos capazes de gerar evid\u00eancias, diagn\u00f3sticos, ferramentas, modelos e recomenda\u00e7\u00f5es voltados \u00e0 integra\u00e7\u00e3o entre economia e clima.\u00a0Cada projeto poder\u00e1 receber at\u00e9 R$ 500 mil. As propostas dever\u00e3o ser submetidas exclusivamente por pessoas jur\u00eddicas no site do\u00a0<a href=\"https:\/\/hubdeeconomiaeclima.org.br\/\" target=\"_blank\" rel=\"noreferrer noopener\">iCS<\/a>.<\/p>\n\n\n\n<p class=\"wp-block-paragraph\">O processo de inscri\u00e7\u00e3o ocorrer\u00e1 em duas etapas. A primeira fase, com envio inicial das propostas, ser\u00e1 realizada entre 9 de mar\u00e7o e 8 de abril de 2026, at\u00e9 as 16h (hor\u00e1rio de Bras\u00edlia).<\/p>\n\n\n\n<p class=\"wp-block-paragraph\">Os projetos pr\u00e9-selecionados seguir\u00e3o para a segunda etapa, prevista para come\u00e7ar em 29 de maio, quando ser\u00e1 exigida documenta\u00e7\u00e3o complementar e a vers\u00e3o detalhada da pesquisa.<\/p>\n\n\n\n<p class=\"wp-block-paragraph\">Podem participar institui\u00e7\u00f5es brasileiras de pesquisa, universidades p\u00fablicas e universidades privadas sem fins lucrativos cuja miss\u00e3o inclua produ\u00e7\u00e3o cient\u00edfica ou tecnol\u00f3gica, al\u00e9m de organiza\u00e7\u00f5es da sociedade civil sem fins lucrativos com experi\u00eancia comprovada em pesquisa aplicada.<\/p>\n\n\n\n<p class=\"wp-block-paragraph\">A coordenadora t\u00e9cnica do hub de Economia e Clima do ICS ressalta que a&nbsp;agenda clim\u00e1tica j\u00e1 impacta decis\u00f5es econ\u00f4micas diariamente, mas ainda \u00e9 preciso fortalecer a produ\u00e7\u00e3o de evid\u00eancias aplicadas que dialoguem diretamente com formuladores de pol\u00edticas p\u00fablicas, gestores e investidores.<\/p>\n\n\n\n<blockquote class=\"wp-block-quote is-layout-flow wp-block-quote-is-layout-flow\">\n<p class=\"wp-block-paragraph\">&#8220;Este edital nasce para aproximar a pesquisa econ\u00f4mica da pr\u00e1tica e oferecer subs\u00eddios qualificados para decis\u00f5es que influenciam o desenvolvimento do Brasil no longo prazo\u201d, diz Sarah.<\/p>\n<\/blockquote>\n\n\n\n<p class=\"wp-block-paragraph\">As propostas dever\u00e3o se enquadrar em uma de quatro linhas tem\u00e1ticas previstas no edital:<\/p>\n\n\n\n<ul class=\"wp-block-list\">\n<li>Adapta\u00e7\u00e3o \u00e0s mudan\u00e7as clim\u00e1ticas, incluindo temas como gest\u00e3o h\u00eddrica, impactos na sa\u00fade, efeitos fiscais associados \u00e0 redu\u00e7\u00e3o de receitas p\u00fablicas, planejamento or\u00e7ament\u00e1rio para adapta\u00e7\u00e3o e avalia\u00e7\u00e3o econ\u00f4mica de riscos em setores como agropecu\u00e1ria e gera\u00e7\u00e3o de energia.<\/li>\n\n\n\n<li>Rela\u00e7\u00e3o entre macroeconomia e mudan\u00e7as clim\u00e1ticas. Os estudos podem analisar, por exemplo, riscos clim\u00e1ticos para a estabilidade financeira, rastreamento de gastos e subs\u00eddios p\u00fablicos, mecanismos fiscais para lidar com eventos extremos e os efeitos de choques clim\u00e1ticos sobre infla\u00e7\u00e3o, produtividade e atividade econ\u00f4mica.<\/li>\n\n\n\n<li>Microeconomia e clima, com foco nas decis\u00f5es de empresas, produtores e gestores. O objetivo \u00e9 compreender como fatores clim\u00e1ticos influenciam investimentos, custos, inova\u00e7\u00e3o e produtividade, especialmente em setores mais expostos a riscos f\u00edsicos ou \u00e0 transi\u00e7\u00e3o para uma economia de baixo carbono.<\/li>\n\n\n\n<li>Finan\u00e7as p\u00fablicas e mudan\u00e7as clim\u00e1ticas, examinando instrumentos fiscais, tribut\u00e1rios e or\u00e7ament\u00e1rios que possam orientar pol\u00edticas clim\u00e1ticas. Entre os temas est\u00e3o financiamento clim\u00e1tico em estados e munic\u00edpios, revis\u00e3o de subs\u00eddios, tributa\u00e7\u00e3o verde e incorpora\u00e7\u00e3o de riscos clim\u00e1ticos no planejamento or\u00e7ament\u00e1rio.<\/li>\n<\/ul>\n\n\n\n<p class=\"wp-block-paragraph\">O edital busca incentivar pesquisas que produzam resultados aplic\u00e1veis \u00e0 formula\u00e7\u00e3o de pol\u00edticas e \u00e0 gest\u00e3o econ\u00f4mica, contribuindo para alinhar desenvolvimento econ\u00f4mico e a\u00e7\u00e3o clim\u00e1tica no pa\u00eds.<\/p>\n","protected":false},"excerpt":{"rendered":"<p>Iniciativa busca aproximar estudos acad\u00eamicos de decis\u00f5es p\u00fablicas O Instituto Clima e Sociedade (iCS) lan\u00e7ar\u00e1 no dia 9 de mar\u00e7o&hellip;<\/p>\n","protected":false},"author":1,"featured_media":4331,"comment_status":"open","ping_status":"open","sticky":false,"template":"","format":"standard","meta":{"_crdt_document":"","footnotes":""},"categories":[1],"tags":[],"class_list":["post-4329","post","type-post","status-publish","format-standard","has-post-thumbnail","hentry","category-sem-categoria"],"_links":{"self":[{"href":"https:\/\/nahoranoticias.com\/index.php?rest_route=\/wp\/v2\/posts\/4329","targetHints":{"allow":["GET"]}}],"collection":[{"href":"https:\/\/nahoranoticias.com\/index.php?rest_route=\/wp\/v2\/posts"}],"about":[{"href":"https:\/\/nahoranoticias.com\/index.php?rest_route=\/wp\/v2\/types\/post"}],"author":[{"embeddable":true,"href":"https:\/\/nahoranoticias.com\/index.php?rest_route=\/wp\/v2\/users\/1"}],"replies":[{"embeddable":true,"href":"https:\/\/nahoranoticias.com\/index.php?rest_route=%2Fwp%2Fv2%2Fcomments&post=4329"}],"version-history":[{"count":1,"href":"https:\/\/nahoranoticias.com\/index.php?rest_route=\/wp\/v2\/posts\/4329\/revisions"}],"predecessor-version":[{"id":4332,"href":"https:\/\/nahoranoticias.com\/index.php?rest_route=\/wp\/v2\/posts\/4329\/revisions\/4332"}],"wp:featuredmedia":[{"embeddable":true,"href":"https:\/\/nahoranoticias.com\/index.php?rest_route=\/wp\/v2\/media\/4331"}],"wp:attachment":[{"href":"https:\/\/nahoranoticias.com\/index.php?rest_route=%2Fwp%2Fv2%2Fmedia&parent=4329"}],"wp:term":[{"taxonomy":"category","embeddable":true,"href":"https:\/\/nahoranoticias.com\/index.php?rest_route=%2Fwp%2Fv2%2Fcategories&post=4329"},{"taxonomy":"post_tag","embeddable":true,"href":"https:\/\/nahoranoticias.com\/index.php?rest_route=%2Fwp%2Fv2%2Ftags&post=4329"}],"curies":[{"name":"wp","href":"https:\/\/api.w.org\/{rel}","templated":true}]}}