{"id":4369,"date":"2026-03-10T16:00:15","date_gmt":"2026-03-10T19:00:15","guid":{"rendered":"http:\/\/nahoranoticias.com\/?p=4369"},"modified":"2026-03-10T16:00:16","modified_gmt":"2026-03-10T19:00:16","slug":"moraes-determina-arquivamento-de-inquerito-contra-elon-musk","status":"publish","type":"post","link":"https:\/\/nahoranoticias.com\/?p=4369","title":{"rendered":"Moraes determina arquivamento de inqu\u00e9rito contra Elon Musk"},"content":{"rendered":"\n<p class=\"wp-block-paragraph\">Investiga\u00e7\u00e3o tramita no Supremo h\u00e1 dois anos<\/p>\n\n\n\n<figure class=\"wp-block-audio\"><audio controls src=\"http:\/\/nahoranoticias.com\/wp-content\/uploads\/2026\/03\/253613.mp3\"><\/audio><\/figure>\n\n\n\n<p class=\"wp-block-paragraph\">O ministro do Supremo Tribunal Federal (STF) Alexandre de Moraes determinou nesta ter\u00e7a-feira (10) o arquivamento do inqu\u00e9rito aberto na Corte contra o empres\u00e1rio norte-americano Elon\u00a0Musk, dono da rede social X.<img decoding=\"async\" src=\"https:\/\/agenciabrasil.ebc.com.br\/ebc.png?id=1681398&amp;o=node\"><img decoding=\"async\" src=\"https:\/\/agenciabrasil.ebc.com.br\/ebc.gif?id=1681398&amp;o=node\"><\/p>\n\n\n\n<p class=\"wp-block-paragraph\">A investiga\u00e7\u00e3o tramita no Supremo h\u00e1 dois anos e apura o suposto uso da plataforma para instrumentalizar ataques virtuais contra ministros da Corte e desobedi\u00eancia a decis\u00f5es que determinaram a suspens\u00e3o de perfis de usu\u00e1rios investigados.&nbsp;<\/p>\n\n\n\n<p class=\"wp-block-paragraph\">Moraes seguiu parecer do procurador-geral da Rep\u00fablica (PGR), Paulo Gonet. Segundo o procurador, a investiga\u00e7\u00e3o realizada pela Pol\u00edcia Federal (PF) apontou que n\u00e3o houve resist\u00eancia deliberada da plataforma para atentar contra o Poder Judici\u00e1rio.<\/p>\n\n\n\n<p class=\"wp-block-paragraph\">No entendimento do procurador, as inconsist\u00eancias que permitiram acessos a conte\u00fados suspensos n\u00e3o tiveram inten\u00e7\u00e3o fraudulenta.<\/p>\n\n\n\n<p class=\"wp-block-paragraph\">Ao analisar o caso, Moraes entendeu que o arquivamento de um inqu\u00e9rito deve ocorrer de forma autom\u00e1tica ap\u00f3s pedido da PGR.<\/p>\n\n\n\n<blockquote class=\"wp-block-quote is-layout-flow wp-block-quote-is-layout-flow\">\n<p class=\"wp-block-paragraph\">\u201cTendo o Minist\u00e9rio P\u00fablico requerido o arquivamento no prazo legal, n\u00e3o cabe a\u00e7\u00e3o privada subsidi\u00e1ria, ou a t\u00edtulo origin\u00e1rio, sendo essa manifesta\u00e7\u00e3o irretrat\u00e1vel, salvo no surgimento de novas provas\u201d, decidiu o ministro.<\/p>\n<\/blockquote>\n","protected":false},"excerpt":{"rendered":"<p>Investiga\u00e7\u00e3o tramita no Supremo h\u00e1 dois anos O ministro do Supremo Tribunal Federal (STF) Alexandre de Moraes determinou nesta ter\u00e7a-feira&hellip;<\/p>\n","protected":false},"author":1,"featured_media":4371,"comment_status":"open","ping_status":"open","sticky":false,"template":"","format":"standard","meta":{"_crdt_document":"","footnotes":""},"categories":[17,13],"tags":[],"class_list":["post-4369","post","type-post","status-publish","format-standard","has-post-thumbnail","hentry","category-internacional","category-justica"],"_links":{"self":[{"href":"https:\/\/nahoranoticias.com\/index.php?rest_route=\/wp\/v2\/posts\/4369","targetHints":{"allow":["GET"]}}],"collection":[{"href":"https:\/\/nahoranoticias.com\/index.php?rest_route=\/wp\/v2\/posts"}],"about":[{"href":"https:\/\/nahoranoticias.com\/index.php?rest_route=\/wp\/v2\/types\/post"}],"author":[{"embeddable":true,"href":"https:\/\/nahoranoticias.com\/index.php?rest_route=\/wp\/v2\/users\/1"}],"replies":[{"embeddable":true,"href":"https:\/\/nahoranoticias.com\/index.php?rest_route=%2Fwp%2Fv2%2Fcomments&post=4369"}],"version-history":[{"count":1,"href":"https:\/\/nahoranoticias.com\/index.php?rest_route=\/wp\/v2\/posts\/4369\/revisions"}],"predecessor-version":[{"id":4372,"href":"https:\/\/nahoranoticias.com\/index.php?rest_route=\/wp\/v2\/posts\/4369\/revisions\/4372"}],"wp:featuredmedia":[{"embeddable":true,"href":"https:\/\/nahoranoticias.com\/index.php?rest_route=\/wp\/v2\/media\/4371"}],"wp:attachment":[{"href":"https:\/\/nahoranoticias.com\/index.php?rest_route=%2Fwp%2Fv2%2Fmedia&parent=4369"}],"wp:term":[{"taxonomy":"category","embeddable":true,"href":"https:\/\/nahoranoticias.com\/index.php?rest_route=%2Fwp%2Fv2%2Fcategories&post=4369"},{"taxonomy":"post_tag","embeddable":true,"href":"https:\/\/nahoranoticias.com\/index.php?rest_route=%2Fwp%2Fv2%2Ftags&post=4369"}],"curies":[{"name":"wp","href":"https:\/\/api.w.org\/{rel}","templated":true}]}}