{"id":4373,"date":"2026-03-10T16:02:23","date_gmt":"2026-03-10T19:02:23","guid":{"rendered":"http:\/\/nahoranoticias.com\/?p=4373"},"modified":"2026-03-10T16:02:24","modified_gmt":"2026-03-10T19:02:24","slug":"mendonca-proibe-gravacao-de-conversas-de-vorcaro-e-advogados-na-prisao","status":"publish","type":"post","link":"https:\/\/nahoranoticias.com\/?p=4373","title":{"rendered":"Mendon\u00e7a pro\u00edbe grava\u00e7\u00e3o de conversas de Vorcaro e advogados na pris\u00e3o"},"content":{"rendered":"\n<p class=\"wp-block-paragraph\">Banqueiro est\u00e1 na Penitenci\u00e1ria Federal em Bras\u00edlia desde sexta<\/p>\n\n\n\n<figure class=\"wp-block-audio\"><audio controls src=\"http:\/\/nahoranoticias.com\/wp-content\/uploads\/2026\/03\/253611.mp3\"><\/audio><\/figure>\n\n\n\n<p class=\"wp-block-paragraph\">O ministro Andr\u00e9 Mendon\u00e7a, do Supremo Tribunal Federal (STF), decidiu proibir a grava\u00e7\u00e3o das conversas entre o banqueiro Daniel Vorcaro e seus advogados na Penitenci\u00e1ria Federal em Bras\u00edlia,&nbsp;<a href=\"https:\/\/agenciabrasil.ebc.com.br\/justica\/noticia\/2026-03\/vorcaro-chega-brasilia-em-voo-da-pf-e-vai-para-presidio-federal\" target=\"_blank\" rel=\"noreferrer noopener\">pres\u00eddio de seguran\u00e7a m\u00e1xima onde o empres\u00e1rio est\u00e1 preso<\/a>.<img decoding=\"async\" src=\"https:\/\/agenciabrasil.ebc.com.br\/ebc.png?id=1681394&amp;o=node\"><img decoding=\"async\" src=\"https:\/\/agenciabrasil.ebc.com.br\/ebc.gif?id=1681394&amp;o=node\"><\/p>\n\n\n\n<p class=\"wp-block-paragraph\">A decis\u00e3o foi proferida na noite de segunda-feira (9), ap\u00f3s os advogados de Vorcaro solicitarem ao Supremo a flexibiliza\u00e7\u00e3o das medidas de seguran\u00e7a, que s\u00e3o inerentes ao funcionamento do pres\u00eddio e devem ser cumpridas por todos os detentos.<\/p>\n\n\n\n<p class=\"wp-block-paragraph\">Al\u00e9m de proibir as grava\u00e7\u00f5es,\u00a0Mendon\u00e7a tamb\u00e9m autorizou que os advogados realizem visitas sem agendamento pr\u00e9vio e tomem notas escritas durante o encontro com Vorcaro. A defesa tamb\u00e9m poder\u00e1 levar c\u00f3pias impressas dos processos que tramitam contra o banqueiro.<\/p>\n\n\n\n<p class=\"wp-block-paragraph\">O ministro&nbsp;\u00e9 o relator das investiga\u00e7\u00f5es da Opera\u00e7\u00e3o Compliance Zero, que apura as fraudes no Banco Master.<\/p>\n\n\n\n<h2 class=\"wp-block-heading\">Pris\u00e3o de Vorcaro<\/h2>\n\n\n\n<p class=\"wp-block-paragraph\"><a href=\"https:\/\/agenciabrasil.ebc.com.br\/justica\/noticia\/2025-11\/daniel-vorcaro-dono-do-banco-master-e-preso-pela-pf-em-guarulhos\" target=\"_blank\" rel=\"noreferrer noopener\">Daniel Vorcaro foi preso na quarta-feira (4) da semana passada, na terceira fase da Opera\u00e7\u00e3o Compliance Zero,<\/a>&nbsp;e estava custodiado na Penitenci\u00e1ria de Potim, no interior paulista. Na sexta-feira (6), ele foi transferido para&nbsp;a Penitenci\u00e1ria Federal em Bras\u00edlia.<\/p>\n\n\n\n<p class=\"wp-block-paragraph\">No ano passado, o empres\u00e1rio tamb\u00e9m foi alvo de um&nbsp;mandado de pris\u00e3o da opera\u00e7\u00e3o, mas ganhou direito \u00e0 liberdade provis\u00f3ria, mediante uso de tornozeleira eletr\u00f4nica.<\/p>\n\n\n\n<p class=\"wp-block-paragraph\">A nova pris\u00e3o, na \u00faltima semana,&nbsp;foi fundamentada em mensagens encontradas no celular do banqueiro, apreendido na primeira fase da opera\u00e7\u00e3o. Nas mensagens, Vorcaro&nbsp;amea\u00e7a jornalistas&nbsp;e pessoas que teriam contrariado seus interesses.<\/p>\n\n\n\n<figure class=\"wp-block-image\"><img decoding=\"async\" src=\"https:\/\/imagens.ebc.com.br\/hO9JQXkzw_TQtJG2LElNAErv7f8=\/754x0\/smart\/https:\/\/agenciabrasil.ebc.com.br\/sites\/default\/files\/thumbnails\/image\/2025\/11\/19\/0g0a6420.jpg?itok=Y2QOzJOf\" alt=\"S\u00e3o Paulo (SP), 19\/11\/2025 - Fachada do Banco Master na rua Elvira Ferraz em Itaim Bibi. Foto: Rovena Rosa\/Ag\u00eancia Brasil\" title=\"Rovena Rosa\/Ag\u00eancia Brasil\"\/><\/figure>\n\n\n\n<h6 class=\"wp-block-heading\">SFachada do Banco Master, em S\u00e3o Paulo. Foto: Rovena Rosa\/Ag\u00eancia Brasil<\/h6>\n\n\n\n<h2 class=\"wp-block-heading\">Fraudes bilion\u00e1rias<\/h2>\n\n\n\n<p class=\"wp-block-paragraph\">A Compliance Zero apura fraudes bilion\u00e1rias no Banco Master, que causaram um rombo de at\u00e9 R$ 47 bilh\u00f5es ao Fundo Garantidor de Cr\u00e9ditos para o ressarcimento a investidores. Mais de 1,5 milh\u00e3o de clientes foram afetados.<\/p>\n\n\n\n<p class=\"wp-block-paragraph\">Controlado pelo banqueiro, o Master cresceu rapidamente ao oferecer Certificados de Dep\u00f3sito&nbsp;Banc\u00e1rio&nbsp;(CDB) com rentabilidade muito acima da m\u00e9dia do mercado.<\/p>\n\n\n\n<p class=\"wp-block-paragraph\">Para sustentar o modelo, segundo investigadores, o banco passou a assumir riscos excessivos e a estruturar opera\u00e7\u00f5es que inflavam artificialmente seu balan\u00e7o, enquanto a liquidez real (dinheiro imediatamente dispon\u00edvel para ressarcir os investidores) se deteriorava.&nbsp;<\/p>\n\n\n\n<p class=\"wp-block-paragraph\">O Banco Master teve a liquida\u00e7\u00e3o decretada pelo Banco Central em novembro de 2025, e a mesma medida alcan\u00e7ou tamb\u00e9m a gestora de investimentos Reag e o\u00a0Will Bank, em janeiro.\u00a0<\/p>\n","protected":false},"excerpt":{"rendered":"<p>Banqueiro est\u00e1 na Penitenci\u00e1ria Federal em Bras\u00edlia desde sexta O ministro Andr\u00e9 Mendon\u00e7a, do Supremo Tribunal Federal (STF), decidiu proibir&hellip;<\/p>\n","protected":false},"author":1,"featured_media":4375,"comment_status":"open","ping_status":"open","sticky":false,"template":"","format":"standard","meta":{"_crdt_document":"","footnotes":""},"categories":[13],"tags":[],"class_list":["post-4373","post","type-post","status-publish","format-standard","has-post-thumbnail","hentry","category-justica"],"_links":{"self":[{"href":"https:\/\/nahoranoticias.com\/index.php?rest_route=\/wp\/v2\/posts\/4373","targetHints":{"allow":["GET"]}}],"collection":[{"href":"https:\/\/nahoranoticias.com\/index.php?rest_route=\/wp\/v2\/posts"}],"about":[{"href":"https:\/\/nahoranoticias.com\/index.php?rest_route=\/wp\/v2\/types\/post"}],"author":[{"embeddable":true,"href":"https:\/\/nahoranoticias.com\/index.php?rest_route=\/wp\/v2\/users\/1"}],"replies":[{"embeddable":true,"href":"https:\/\/nahoranoticias.com\/index.php?rest_route=%2Fwp%2Fv2%2Fcomments&post=4373"}],"version-history":[{"count":1,"href":"https:\/\/nahoranoticias.com\/index.php?rest_route=\/wp\/v2\/posts\/4373\/revisions"}],"predecessor-version":[{"id":4376,"href":"https:\/\/nahoranoticias.com\/index.php?rest_route=\/wp\/v2\/posts\/4373\/revisions\/4376"}],"wp:featuredmedia":[{"embeddable":true,"href":"https:\/\/nahoranoticias.com\/index.php?rest_route=\/wp\/v2\/media\/4375"}],"wp:attachment":[{"href":"https:\/\/nahoranoticias.com\/index.php?rest_route=%2Fwp%2Fv2%2Fmedia&parent=4373"}],"wp:term":[{"taxonomy":"category","embeddable":true,"href":"https:\/\/nahoranoticias.com\/index.php?rest_route=%2Fwp%2Fv2%2Fcategories&post=4373"},{"taxonomy":"post_tag","embeddable":true,"href":"https:\/\/nahoranoticias.com\/index.php?rest_route=%2Fwp%2Fv2%2Ftags&post=4373"}],"curies":[{"name":"wp","href":"https:\/\/api.w.org\/{rel}","templated":true}]}}