{"id":4377,"date":"2026-03-10T16:04:08","date_gmt":"2026-03-10T19:04:08","guid":{"rendered":"http:\/\/nahoranoticias.com\/?p=4377"},"modified":"2026-03-10T16:04:09","modified_gmt":"2026-03-10T19:04:09","slug":"bolsonaro-pede-autorizacao-para-receber-assessor-de-trump-na-prisao","status":"publish","type":"post","link":"https:\/\/nahoranoticias.com\/?p=4377","title":{"rendered":"Bolsonaro pede autoriza\u00e7\u00e3o para receber assessor de Trump na pris\u00e3o"},"content":{"rendered":"\n<p class=\"wp-block-paragraph\">Darren Beattie \u00e9 respons\u00e1vel pelos assuntos ligados ao Brasil<\/p>\n\n\n\n<figure class=\"wp-block-audio\"><audio controls src=\"http:\/\/nahoranoticias.com\/wp-content\/uploads\/2026\/03\/253607.mp3\"><\/audio><\/figure>\n\n\n\n<p class=\"wp-block-paragraph\">O ex-presidente Jair Bolsonaro pediu nesta ter\u00e7a-feira (10) ao Supremo Tribunal Federal (STF) autoriza\u00e7\u00e3o para receber a visita de Darren Beattie, assessor do governo dos Estados Unidos, na pris\u00e3o.<img decoding=\"async\" src=\"https:\/\/agenciabrasil.ebc.com.br\/ebc.png?id=1681390&amp;o=node\"><img decoding=\"async\" src=\"https:\/\/agenciabrasil.ebc.com.br\/ebc.gif?id=1681390&amp;o=node\"><\/p>\n\n\n\n<p class=\"wp-block-paragraph\">Aliado do presidente Donald Trump, Beattie trabalha para o Departamento de Estado norte-americano e \u00e9 respons\u00e1vel pelos assuntos ligados ao Brasil.<\/p>\n\n\n\n<p class=\"wp-block-paragraph\">No pedido de autoriza\u00e7\u00e3o encaminhado ao Supremo, a defesa de Bolsonaro pediu que a visita seja realizada na pr\u00f3xima segunda-feira (16), no per\u00edodo da manh\u00e3, ou na ter\u00e7a-feira (17), datas em que o assessor estar\u00e1 em visita oficial ao Brasil. A entrada de um tradutor na pris\u00e3o tamb\u00e9m foi solicitada.<\/p>\n\n\n\n<p class=\"wp-block-paragraph\">O ministro Alexandre de Moraes, relator do processo, vai decidir a quest\u00e3o.<\/p>\n\n\n\n<p class=\"wp-block-paragraph\">Bolsonaro&nbsp;<a href=\"https:\/\/agenciabrasil.ebc.com.br\/justica\/noticia\/2025-09\/stf-condena-bolsonaro-27-anos-e-tres-meses-de-prisao\">foi condenado a 27 anos e tr\u00eas meses<\/a>&nbsp;de pris\u00e3o na a\u00e7\u00e3o penal da trama golpista e cumpre pena no 19\u00b0 Batalh\u00e3o da Pol\u00edcia Militar, localizado dentro do&nbsp;<a href=\"https:\/\/agenciabrasil.ebc.com.br\/justica\/noticia\/2026-01\/papudinha-foi-determinada-apos-bolsonaro-pedir-prisao-domiciliar\">Complexo Penitenci\u00e1rio da Papuda<\/a>, em Bras\u00edlia.<\/p>\n\n\n\n<p class=\"wp-block-paragraph\">O local \u00e9 conhecido como Papudinha e \u00e9 destinado a presos especiais, como policiais, advogados e ju\u00edzes.<\/p>\n","protected":false},"excerpt":{"rendered":"<p>Darren Beattie \u00e9 respons\u00e1vel pelos assuntos ligados ao Brasil O ex-presidente Jair Bolsonaro pediu nesta ter\u00e7a-feira (10) ao Supremo Tribunal&hellip;<\/p>\n","protected":false},"author":1,"featured_media":4379,"comment_status":"open","ping_status":"open","sticky":false,"template":"","format":"standard","meta":{"_crdt_document":"","footnotes":""},"categories":[17,13],"tags":[],"class_list":["post-4377","post","type-post","status-publish","format-standard","has-post-thumbnail","hentry","category-internacional","category-justica"],"_links":{"self":[{"href":"https:\/\/nahoranoticias.com\/index.php?rest_route=\/wp\/v2\/posts\/4377","targetHints":{"allow":["GET"]}}],"collection":[{"href":"https:\/\/nahoranoticias.com\/index.php?rest_route=\/wp\/v2\/posts"}],"about":[{"href":"https:\/\/nahoranoticias.com\/index.php?rest_route=\/wp\/v2\/types\/post"}],"author":[{"embeddable":true,"href":"https:\/\/nahoranoticias.com\/index.php?rest_route=\/wp\/v2\/users\/1"}],"replies":[{"embeddable":true,"href":"https:\/\/nahoranoticias.com\/index.php?rest_route=%2Fwp%2Fv2%2Fcomments&post=4377"}],"version-history":[{"count":1,"href":"https:\/\/nahoranoticias.com\/index.php?rest_route=\/wp\/v2\/posts\/4377\/revisions"}],"predecessor-version":[{"id":4380,"href":"https:\/\/nahoranoticias.com\/index.php?rest_route=\/wp\/v2\/posts\/4377\/revisions\/4380"}],"wp:featuredmedia":[{"embeddable":true,"href":"https:\/\/nahoranoticias.com\/index.php?rest_route=\/wp\/v2\/media\/4379"}],"wp:attachment":[{"href":"https:\/\/nahoranoticias.com\/index.php?rest_route=%2Fwp%2Fv2%2Fmedia&parent=4377"}],"wp:term":[{"taxonomy":"category","embeddable":true,"href":"https:\/\/nahoranoticias.com\/index.php?rest_route=%2Fwp%2Fv2%2Fcategories&post=4377"},{"taxonomy":"post_tag","embeddable":true,"href":"https:\/\/nahoranoticias.com\/index.php?rest_route=%2Fwp%2Fv2%2Ftags&post=4377"}],"curies":[{"name":"wp","href":"https:\/\/api.w.org\/{rel}","templated":true}]}}