{"id":4425,"date":"2026-03-11T11:18:29","date_gmt":"2026-03-11T14:18:29","guid":{"rendered":"http:\/\/nahoranoticias.com\/?p=4425"},"modified":"2026-03-11T11:18:30","modified_gmt":"2026-03-11T14:18:30","slug":"prouni-2026-prazo-para-entrega-de-documentos-termina-nesta-sexta","status":"publish","type":"post","link":"https:\/\/nahoranoticias.com\/?p=4425","title":{"rendered":"Prouni 2026: prazo para entrega de documentos termina nesta sexta"},"content":{"rendered":"\n<p class=\"wp-block-paragraph\">Pr\u00e9-selecionados em segunda chamada devem comprovar informa\u00e7\u00f5es<\/p>\n\n\n\n<figure class=\"wp-block-audio\"><audio controls src=\"http:\/\/nahoranoticias.com\/wp-content\/uploads\/2026\/03\/253595.mp3\"><\/audio><\/figure>\n\n\n\n<p class=\"wp-block-paragraph\">Os pr\u00e9-selecionados da segunda chamada do Programa Universidade para Todos (ProUni) do primeiro semestre de 2026 devem entregar a documenta\u00e7\u00e3o que comprove as informa\u00e7\u00f5es prestadas no momento da inscri\u00e7\u00e3o, diretamente na institui\u00e7\u00e3o privada de educa\u00e7\u00e3o superior em que foram selecionados at\u00e9 esta sexta-feira (13).<img decoding=\"async\" src=\"https:\/\/agenciabrasil.ebc.com.br\/ebc.png?id=1681356&amp;o=node\"><img decoding=\"async\" src=\"https:\/\/agenciabrasil.ebc.com.br\/ebc.gif?id=1681356&amp;o=node\"><\/p>\n\n\n\n<p class=\"wp-block-paragraph\">O estudante pode comparecer \u00e0 faculdade privada para entregar a documenta\u00e7\u00e3o ou encaminh\u00e1-la virtualmente, por meio eletr\u00f4nico disponibilizado pela institui\u00e7\u00e3o.<\/p>\n\n\n\n<p class=\"wp-block-paragraph\">O&nbsp;<a href=\"https:\/\/agenciabrasil.ebc.com.br\/educacao\/noticia\/2026-03\/resultado-da-segunda-chamada-do-prouni-ja-esta-disponivel\" target=\"_blank\" rel=\"noreferrer noopener\">resultado da segunda chamada foi divulgado<\/a>&nbsp;pelo Minist\u00e9rio da Educa\u00e7\u00e3o (MEC) no dia 2 de mar\u00e7o, e pode ser acessado o Portal \u00danico de Acesso ao Ensino Superior, na&nbsp;<a href=\"https:\/\/acessounico.mec.gov.br\/prouni\" target=\"_blank\" rel=\"noreferrer noopener\">aba do Prouni<\/a>.<\/p>\n\n\n\n<p class=\"wp-block-paragraph\">A iniciativa federal oferece bolsas de estudo integrais e parciais (50% do valor da mensalidade do curso) em cursos de gradua\u00e7\u00e3o e sequenciais de forma\u00e7\u00e3o espec\u00edfica, em institui\u00e7\u00f5es privadas.<\/p>\n\n\n\n<h2 class=\"wp-block-heading\">Certifica\u00e7\u00e3o&nbsp;<\/h2>\n\n\n\n<p class=\"wp-block-paragraph\">Para os candidatos com 18 anos ou mais que fizeram o Exame Nacional do Ensino M\u00e9dio (Enem) em 2025 e precisam do certificado de conclus\u00e3o do Ensino M\u00e9dio, o Instituto Nacional de Estudos e Pesquisas Educacionais An\u00edsio Teixeira (Inep) disponibilizou um&nbsp;<a href=\"https:\/\/agenciabrasil.ebc.com.br\/educacao\/noticia\/2026-03\/sistema-permite-emissao-de-certificado-de-conclusao-do-ensino-medio\" target=\"_blank\" rel=\"noreferrer noopener\">novo sistema que emite<\/a>&nbsp;o comprovante de conclus\u00e3o da educa\u00e7\u00e3o b\u00e1sica.<\/p>\n\n\n\n<p class=\"wp-block-paragraph\">Entre&nbsp;as exig\u00eancias,&nbsp;\u00e9&nbsp;preciso ter alcan\u00e7ado 450 pontos em cada \u00e1rea do conhecimento&nbsp;do Enem 2025, al\u00e9m de&nbsp;ter obtido 500&nbsp;pontos&nbsp;na reda\u00e7\u00e3o.&nbsp;&nbsp;<\/p>\n\n\n\n<h2 class=\"wp-block-heading\">Bolsas de estudo<\/h2>\n\n\n\n<p class=\"wp-block-paragraph\">Neste ano, est\u00e3o sendo ofertadas 595.374 bolsas,\u202fem 895 cursos de 1.046 institui\u00e7\u00f5es privadas de ensino superior de todo o pa\u00eds.<\/p>\n\n\n\n<p class=\"wp-block-paragraph\">O MEC comemora que a edi\u00e7\u00e3o de 2026 \u00e9&nbsp;a maior da hist\u00f3ria do Prouni,\u202fcom 22 anos de exist\u00eancia.<\/p>\n\n\n\n<p class=\"wp-block-paragraph\">O requisito para ter a bolsa integral do programa \u00e9 comprovar a renda familiar menor ou igual a um sal\u00e1rio-m\u00ednimo e meio por pessoa. Para a bolsa parcial (50%), a renda familiar n\u00e3o pode ultrapassar tr\u00eas sal\u00e1rios-m\u00ednimos por pessoa.<\/p>\n\n\n\n<h2 class=\"wp-block-heading\">Lista de espera<\/h2>\n\n\n\n<p class=\"wp-block-paragraph\">Quem est\u00e1 de olho nas vagas remanescentes e n\u00e3o foi selecionado na primeira e segunda chamadas, dever\u00e1 manifestar interesse em participar da lista de espera do Prouni, nos dias 25 e 26 de mar\u00e7o de 2026, tamb\u00e9m, por meio do Portal \u00danico de Acesso ao Ensino Superior.<\/p>\n\n\n\n<p class=\"wp-block-paragraph\">Todas as informa\u00e7\u00f5es sobre as regras do processo seletivo est\u00e3o no&nbsp;<a href=\"https:\/\/www.gov.br\/mec\/pt-br\/prouni\/arquivos\/2026\/edital_nr_2_de_07_de_janeiro_de_2026.pdf\" target=\"_blank\" rel=\"noreferrer noopener\">Edital n\u00ba 2\/2026<\/a>.<\/p>\n","protected":false},"excerpt":{"rendered":"<p>Pr\u00e9-selecionados em segunda chamada devem comprovar informa\u00e7\u00f5es Os pr\u00e9-selecionados da segunda chamada do Programa Universidade para Todos (ProUni) do primeiro&hellip;<\/p>\n","protected":false},"author":1,"featured_media":4427,"comment_status":"open","ping_status":"open","sticky":false,"template":"","format":"standard","meta":{"_crdt_document":"","footnotes":""},"categories":[20],"tags":[],"class_list":["post-4425","post","type-post","status-publish","format-standard","has-post-thumbnail","hentry","category-educacao"],"_links":{"self":[{"href":"https:\/\/nahoranoticias.com\/index.php?rest_route=\/wp\/v2\/posts\/4425","targetHints":{"allow":["GET"]}}],"collection":[{"href":"https:\/\/nahoranoticias.com\/index.php?rest_route=\/wp\/v2\/posts"}],"about":[{"href":"https:\/\/nahoranoticias.com\/index.php?rest_route=\/wp\/v2\/types\/post"}],"author":[{"embeddable":true,"href":"https:\/\/nahoranoticias.com\/index.php?rest_route=\/wp\/v2\/users\/1"}],"replies":[{"embeddable":true,"href":"https:\/\/nahoranoticias.com\/index.php?rest_route=%2Fwp%2Fv2%2Fcomments&post=4425"}],"version-history":[{"count":1,"href":"https:\/\/nahoranoticias.com\/index.php?rest_route=\/wp\/v2\/posts\/4425\/revisions"}],"predecessor-version":[{"id":4428,"href":"https:\/\/nahoranoticias.com\/index.php?rest_route=\/wp\/v2\/posts\/4425\/revisions\/4428"}],"wp:featuredmedia":[{"embeddable":true,"href":"https:\/\/nahoranoticias.com\/index.php?rest_route=\/wp\/v2\/media\/4427"}],"wp:attachment":[{"href":"https:\/\/nahoranoticias.com\/index.php?rest_route=%2Fwp%2Fv2%2Fmedia&parent=4425"}],"wp:term":[{"taxonomy":"category","embeddable":true,"href":"https:\/\/nahoranoticias.com\/index.php?rest_route=%2Fwp%2Fv2%2Fcategories&post=4425"},{"taxonomy":"post_tag","embeddable":true,"href":"https:\/\/nahoranoticias.com\/index.php?rest_route=%2Fwp%2Fv2%2Ftags&post=4425"}],"curies":[{"name":"wp","href":"https:\/\/api.w.org\/{rel}","templated":true}]}}