{"id":4447,"date":"2026-03-11T15:10:26","date_gmt":"2026-03-11T18:10:26","guid":{"rendered":"http:\/\/nahoranoticias.com\/?p=4447"},"modified":"2026-03-11T15:10:27","modified_gmt":"2026-03-11T18:10:27","slug":"prefeitura-de-ituiutaba-anuncia-pacote-de-exames-e-metodos-contraceptivos-em-mutirao-de-saude-feminina","status":"publish","type":"post","link":"https:\/\/nahoranoticias.com\/?p=4447","title":{"rendered":"Prefeitura de Ituiutaba anuncia pacote de exames e m\u00e9todos contraceptivos em mutir\u00e3o de sa\u00fade feminina"},"content":{"rendered":"\n<p class=\"wp-block-paragraph\">Durante o evento Sa\u00fade Delas, a prefeita Leandra Guedes entregou ao Legislativo o projeto de lei que cria o Programa Mulher Protegida; proposta estabelece uma rede de acolhimento e suporte psicol\u00f3gico para mulheres em situa\u00e7\u00e3o de vulnerabilidade ou v\u00edtimas de viol\u00eancia<\/p>\n\n\n\n<p class=\"wp-block-paragraph\">A Prefeitura de Ituiutaba realizou no \u00faltimo s\u00e1bado, 7 de mar\u00e7o, v\u00e9spera do Dia Internacional da Mulher, uma mobiliza\u00e7\u00e3o de sa\u00fade p\u00fablica voltada ao atendimento e diagn\u00f3stico precoce de doen\u00e7as femininas. O evento, batizado de &#8220;Sa\u00fade Delas&#8221;, ocorreu no Centro Integrado de Sa\u00fade da Mulher e da Crian\u00e7a, no bairro Progresso, e foi marcado pelo an\u00fancio de medidas para reduzir filas de espera e ampliar direitos reprodutivos no munic\u00edpio.<\/p>\n\n\n\n<p class=\"wp-block-paragraph\">Durante a a\u00e7\u00e3o, a prefeita Leandra Guedes assinou autoriza\u00e7\u00f5es para a realiza\u00e7\u00e3o de um pacote de procedimentos que somam 3.000 mamografias, 2.000 exames citopatol\u00f3gicos (Papanicolau), 1.000 ultrassonografias e 100 cirurgias ginecol\u00f3gicas. A iniciativa busca enfrentar as estat\u00edsticas nacionais: segundo estimativas citadas durante o evento, o Brasil registra anualmente cerca de 73 mil novos casos de c\u00e2ncer de mama e 17 mil de c\u00e2ncer de colo do \u00fatero.<\/p>\n\n\n\n<p class=\"wp-block-paragraph\">&#8220;A preven\u00e7\u00e3o \u00e9 o caminho para reduzir casos graves e aumentar as chances de cura. Estamos assegurando que a estrutura p\u00fablica chegue antes da doen\u00e7a&#8221;, afirmou a enfermeira Lorena Azambuja, do Centro Integrado, em palestra sobre a conscientiza\u00e7\u00e3o do Mar\u00e7o Lil\u00e1s.<\/p>\n\n\n\n<p class=\"wp-block-paragraph\">No campo dos direitos sexuais e reprodutivos, a gest\u00e3o municipal anunciou a oferta gratuita do Implanon, um implante contraceptivo subcut\u00e2neo de longa dura\u00e7\u00e3o. A medida visa ampliar as op\u00e7\u00f5es de planejamento familiar para al\u00e9m dos m\u00e9todos tradicionais j\u00e1 oferecidos pela rede, como o DIU e anticoncepcionais orais.<\/p>\n\n\n\n<p class=\"wp-block-paragraph\">Al\u00e9m da frente cl\u00ednica, o evento serviu para o an\u00fancio do envio de uma proposta legislativa \u00e0 C\u00e2mara Municipal. A prefeita, acompanhada do presidente do Legislativo, Francisco Tomaz, formalizou a entrega do projeto que institui o Programa Mulher Protegida. O texto prev\u00ea diretrizes para o acolhimento e assist\u00eancia psicol\u00f3gica a mulheres v\u00edtimas de viol\u00eancia dom\u00e9stica na cidade.<\/p>\n\n\n\n<p class=\"wp-block-paragraph\">O mutir\u00e3o mobilizou equipes multidisciplinares e estudantes de medicina da regi\u00e3o. Entre os servi\u00e7os prestados ao longo do dia, destacaram-se: Coleta de Papanicolau, coletas de exames laboratoriais, testes r\u00e1pidos para ISTs e imuniza\u00e7\u00e3o via &#8220;Vacim\u00f3vel&#8221;, tendas de escuta psicol\u00f3gica individual e oficinas para pacientes da rede de sa\u00fade mental.<\/p>\n\n\n\n<p class=\"wp-block-paragraph\">O evento contou ainda com a participa\u00e7\u00e3o do vice-prefeito Douglas Guimar\u00e3es, do secret\u00e1rio de Sa\u00fade Conrado Pereira e da secret\u00e1ria de Governo Aleuene Guedes, al\u00e9m de apresenta\u00e7\u00f5es culturais do Coral Vozes do Marinheiro, da Funda\u00e7\u00e3o Zumbi dos Palmares.<\/p>\n","protected":false},"excerpt":{"rendered":"<p>Durante o evento Sa\u00fade Delas, a prefeita Leandra Guedes entregou ao Legislativo o projeto de lei que cria o Programa&hellip;<\/p>\n","protected":false},"author":1,"featured_media":4448,"comment_status":"open","ping_status":"open","sticky":false,"template":"","format":"standard","meta":{"_crdt_document":"","footnotes":""},"categories":[11],"tags":[],"class_list":["post-4447","post","type-post","status-publish","format-standard","has-post-thumbnail","hentry","category-saude"],"_links":{"self":[{"href":"https:\/\/nahoranoticias.com\/index.php?rest_route=\/wp\/v2\/posts\/4447","targetHints":{"allow":["GET"]}}],"collection":[{"href":"https:\/\/nahoranoticias.com\/index.php?rest_route=\/wp\/v2\/posts"}],"about":[{"href":"https:\/\/nahoranoticias.com\/index.php?rest_route=\/wp\/v2\/types\/post"}],"author":[{"embeddable":true,"href":"https:\/\/nahoranoticias.com\/index.php?rest_route=\/wp\/v2\/users\/1"}],"replies":[{"embeddable":true,"href":"https:\/\/nahoranoticias.com\/index.php?rest_route=%2Fwp%2Fv2%2Fcomments&post=4447"}],"version-history":[{"count":1,"href":"https:\/\/nahoranoticias.com\/index.php?rest_route=\/wp\/v2\/posts\/4447\/revisions"}],"predecessor-version":[{"id":4449,"href":"https:\/\/nahoranoticias.com\/index.php?rest_route=\/wp\/v2\/posts\/4447\/revisions\/4449"}],"wp:featuredmedia":[{"embeddable":true,"href":"https:\/\/nahoranoticias.com\/index.php?rest_route=\/wp\/v2\/media\/4448"}],"wp:attachment":[{"href":"https:\/\/nahoranoticias.com\/index.php?rest_route=%2Fwp%2Fv2%2Fmedia&parent=4447"}],"wp:term":[{"taxonomy":"category","embeddable":true,"href":"https:\/\/nahoranoticias.com\/index.php?rest_route=%2Fwp%2Fv2%2Fcategories&post=4447"},{"taxonomy":"post_tag","embeddable":true,"href":"https:\/\/nahoranoticias.com\/index.php?rest_route=%2Fwp%2Fv2%2Ftags&post=4447"}],"curies":[{"name":"wp","href":"https:\/\/api.w.org\/{rel}","templated":true}]}}