{"id":4451,"date":"2026-03-11T16:21:09","date_gmt":"2026-03-11T19:21:09","guid":{"rendered":"http:\/\/nahoranoticias.com\/?p=4451"},"modified":"2026-03-11T16:21:10","modified_gmt":"2026-03-11T19:21:10","slug":"rompimento-de-reservatorio-da-sabesp-provoca-uma-morte-em-mairipora","status":"publish","type":"post","link":"https:\/\/nahoranoticias.com\/?p=4451","title":{"rendered":"Rompimento de reservat\u00f3rio da Sabesp provoca uma morte em Mairipor\u00e3"},"content":{"rendered":"\n<p class=\"wp-block-paragraph\">Sete pessoas ficaram feridas no munic\u00edpio que fica na Grande S\u00e3o Paulo<\/p>\n\n\n\n<figure class=\"wp-block-audio\"><audio controls src=\"http:\/\/nahoranoticias.com\/wp-content\/uploads\/2026\/03\/253685.mp3\"><\/audio><\/figure>\n\n\n\n<p class=\"wp-block-paragraph\">Uma pessoa morreu e sete ficaram feridas ap\u00f3s um reservat\u00f3rio de \u00e1gua da Sabesp, empresa de saneamento de S\u00e3o Paulo, ter se rompido na manh\u00e3 desta quarta-feira (11) na cidade de Mairipor\u00e3, na Grande S\u00e3o Paulo.\u00a0A estrutura no bairro Capoavinha ainda estava em constru\u00e7\u00e3o.<img decoding=\"async\" src=\"https:\/\/agenciabrasil.ebc.com.br\/ebc.png?id=1681552&amp;o=node\"><img decoding=\"async\" src=\"https:\/\/agenciabrasil.ebc.com.br\/ebc.gif?id=1681552&amp;o=node\"><\/p>\n\n\n\n<p class=\"wp-block-paragraph\">Segundo a Sabesp, a v\u00edtima era um homem de 45 anos, colaborador da empresa que havia sido contratado\u00a0para executar a obra.\u00a0Em nota, a Sabesp lamentou a morte do colaborador e manifestou solidariedade aos moradores de Mairipor\u00e3 que foram impactados pelo acidente.<\/p>\n\n\n\n<p class=\"wp-block-paragraph\">De acordo com a Defesa Civil e o Corpo de Bombeiros, o rompimento da estrutura ocorreu por volta das 10h57 e prejudicou pelo menos tr\u00eas resid\u00eancias e dez ve\u00edculos que foram atingidos por uma grande quantidade de \u00e1gua.<\/p>\n\n\n\n<blockquote class=\"wp-block-quote is-layout-flow wp-block-quote-is-layout-flow\">\n<p class=\"wp-block-paragraph\">\u201cDesde os primeiros momentos ap\u00f3s a ocorr\u00eancia, a Sabesp mobilizou equipes operacionais, de assist\u00eancia social e de atendimento emergencial para prestar todo o apoio necess\u00e1rio \u00e0 fam\u00edlia do colaborador, \u00e0s pessoas feridas e \u00e0s fam\u00edlias atingidas na regi\u00e3o. A diretoria da companhia acompanha diretamente a situa\u00e7\u00e3o e determinou prioridade total ao atendimento das v\u00edtimas e dos moradores afetados\u201d, informou a Sabesp.<\/p>\n<\/blockquote>\n\n\n\n<p class=\"wp-block-paragraph\">A companhia tamb\u00e9m informou que iniciou uma investiga\u00e7\u00e3o interna sobre as causas do acidente e que vai \u201cressarcir todos os preju\u00edzos causados pela ocorr\u00eancia\u201d.<\/p>\n\n\n\n<p class=\"wp-block-paragraph\">O governo de S\u00e3o Paulo tamb\u00e9m lamentou a morte do colaborador da Sabesp e disse que est\u00e1 \u201cfocado em cuidar de todos e garantir prioridade neste momento para o atendimento \u00e0s pessoas atingidas e ressarcimento dos preju\u00edzos, tanto para os afetados quanto para o munic\u00edpio\u201d.<\/p>\n\n\n\n<p class=\"wp-block-paragraph\">Segundo a nota do governo paulista, o diretor-presidente da Ag\u00eancia Reguladora de Servi\u00e7os P\u00fablicos do Estado de S\u00e3o Paulo (Arsesp), Daniel Narzetti, acompanha o caso junto a t\u00e9cnicos da ag\u00eancia.&nbsp;<\/p>\n\n\n\n<p class=\"wp-block-paragraph\">A Arsesp, que \u00e9 respons\u00e1vel pela regula\u00e7\u00e3o e fiscaliza\u00e7\u00e3o dos servi\u00e7os de saneamento, informou que vai iniciar imediatamente \u201cos procedimentos para apurar as causas t\u00e9cnicas do acidente e as circunst\u00e2ncias que envolveram a realiza\u00e7\u00e3o de testes no local\u201d.<\/p>\n\n\n\n<h2 class=\"wp-block-heading\">Segundo acidente com morte<\/h2>\n\n\n\n<p class=\"wp-block-paragraph\">Esta \u00e9 a segunda vez, em menos de um ano, que ocorre um acidente com morte relacionado \u00e0 Sabesp, companhia que foi\u00a0<a href=\"https:\/\/agenciabrasil.ebc.com.br\/geral\/noticia\/2024-07\/governo-de-sp-conclui-privatizacao-da-sabesp-ao-vender-32-dos-papeis\">privatizada em julho de 2024<\/a>.<\/p>\n\n\n\n<p class=\"wp-block-paragraph\">Em setembro do ano passado,&nbsp;<a href=\"https:\/\/agenciabrasil.ebc.com.br\/geral\/noticia\/2025-09\/idosa-morre-em-maua-apos-tubulacao-da-sabesp-cair-em-cima-de-sua-casa\">uma mulher morreu em Mau\u00e1<\/a>, na regi\u00e3o metropolitana de S\u00e3o Paulo, ap\u00f3s uma tubula\u00e7\u00e3o da Sabesp cair em sua casa. A Sabesp estava executando uma obra numa adutora para abastecer um reservat\u00f3rio de \u00e1gua.<\/p>\n\n\n\n<p class=\"wp-block-paragraph\">Enquanto estava no sof\u00e1 da sala de sua casa, Clelia dos Santos Pimentel, de 79 anos, foi esmagada por um tubo que soltou-se devido ao excesso de peso no momento do i\u00e7amento da estrutura.<\/p>\n","protected":false},"excerpt":{"rendered":"<p>Sete pessoas ficaram feridas no munic\u00edpio que fica na Grande S\u00e3o Paulo Uma pessoa morreu e sete ficaram feridas ap\u00f3s&hellip;<\/p>\n","protected":false},"author":1,"featured_media":4453,"comment_status":"open","ping_status":"open","sticky":false,"template":"","format":"standard","meta":{"_crdt_document":"","footnotes":""},"categories":[25],"tags":[],"class_list":["post-4451","post","type-post","status-publish","format-standard","has-post-thumbnail","hentry","category-acidente"],"_links":{"self":[{"href":"https:\/\/nahoranoticias.com\/index.php?rest_route=\/wp\/v2\/posts\/4451","targetHints":{"allow":["GET"]}}],"collection":[{"href":"https:\/\/nahoranoticias.com\/index.php?rest_route=\/wp\/v2\/posts"}],"about":[{"href":"https:\/\/nahoranoticias.com\/index.php?rest_route=\/wp\/v2\/types\/post"}],"author":[{"embeddable":true,"href":"https:\/\/nahoranoticias.com\/index.php?rest_route=\/wp\/v2\/users\/1"}],"replies":[{"embeddable":true,"href":"https:\/\/nahoranoticias.com\/index.php?rest_route=%2Fwp%2Fv2%2Fcomments&post=4451"}],"version-history":[{"count":1,"href":"https:\/\/nahoranoticias.com\/index.php?rest_route=\/wp\/v2\/posts\/4451\/revisions"}],"predecessor-version":[{"id":4454,"href":"https:\/\/nahoranoticias.com\/index.php?rest_route=\/wp\/v2\/posts\/4451\/revisions\/4454"}],"wp:featuredmedia":[{"embeddable":true,"href":"https:\/\/nahoranoticias.com\/index.php?rest_route=\/wp\/v2\/media\/4453"}],"wp:attachment":[{"href":"https:\/\/nahoranoticias.com\/index.php?rest_route=%2Fwp%2Fv2%2Fmedia&parent=4451"}],"wp:term":[{"taxonomy":"category","embeddable":true,"href":"https:\/\/nahoranoticias.com\/index.php?rest_route=%2Fwp%2Fv2%2Fcategories&post=4451"},{"taxonomy":"post_tag","embeddable":true,"href":"https:\/\/nahoranoticias.com\/index.php?rest_route=%2Fwp%2Fv2%2Ftags&post=4451"}],"curies":[{"name":"wp","href":"https:\/\/api.w.org\/{rel}","templated":true}]}}