{"id":4461,"date":"2026-03-12T10:13:06","date_gmt":"2026-03-12T13:13:06","guid":{"rendered":"http:\/\/nahoranoticias.com\/?p=4461"},"modified":"2026-03-12T10:13:07","modified_gmt":"2026-03-12T13:13:07","slug":"mostra-tiradentes-leva-filmes-ineditos-a-capital-paulista","status":"publish","type":"post","link":"https:\/\/nahoranoticias.com\/?p=4461","title":{"rendered":"Mostra Tiradentes leva filmes in\u00e9ditos \u00e0 capital paulista"},"content":{"rendered":"\n<p class=\"wp-block-paragraph\">S\u00e3o 14 longas e 14 curtas em cartaz at\u00e9 a pr\u00f3xima quarta-feira (18)<\/p>\n\n\n\n<figure class=\"wp-block-audio\"><audio controls src=\"http:\/\/nahoranoticias.com\/wp-content\/uploads\/2026\/03\/253713.mp3\"><\/audio><\/figure>\n\n\n\n<p class=\"wp-block-paragraph\">A Mostra Tiradentes | SP estreia a 14\u00aa edi\u00e7\u00e3o na capital paulista nesta quinta-feira (12) com exibi\u00e7\u00f5es no Cinesesc.\u00a0A programa\u00e7\u00e3o vai at\u00e9 18 de mar\u00e7o e ter\u00e1 28 filmes brasileiros em pr\u00e9-estreias in\u00e9ditas na cidade, al\u00e9m de 13 bate-papos com cineastas ap\u00f3s as sess\u00f5es.<img decoding=\"async\" src=\"https:\/\/agenciabrasil.ebc.com.br\/ebc.png?id=1681380&amp;o=node\"><img decoding=\"async\" src=\"https:\/\/agenciabrasil.ebc.com.br\/ebc.gif?id=1681380&amp;o=node\"><\/p>\n\n\n\n<p class=\"wp-block-paragraph\">Com 14 longas e 14 curtas, o evento traz um recorte da mostra de cinema mineira que, em sua 29\u00b0 edi\u00e7\u00e3o, exibiu 137 produ\u00e7\u00f5es e levou um p\u00fablico estimado de 38 mil pessoas para Tiradentes (MG).<\/p>\n\n\n\n<p class=\"wp-block-paragraph\">A programa\u00e7\u00e3o prev\u00ea ainda ainda um debate com lan\u00e7amento da publica\u00e7\u00e3o do 4\u00ba F\u00f3rum de Tiradentes, que ser\u00e1 realizado no Centro de Pesquisa e Forma\u00e7\u00e3o do Sesc.<\/p>\n\n\n\n<p class=\"wp-block-paragraph\">Entre os destaques da mostra paulistana est\u00e3o filmes premiados na edi\u00e7\u00e3o mineira, como&nbsp;<em>Anistia 79<\/em>&nbsp;(RJ), de Anita Leandro;&nbsp;<em>Para os Guardados<\/em>&nbsp;(MG), de Desali e Rafael Rocha;&nbsp;<em>Entrevista Com Fantasmas<\/em>&nbsp;(SP), de LK \u2013 Lincoln P\u00e9ricles; e&nbsp;<em>Gr\u00e3o<\/em>&nbsp;(RS), de Gianluca Cozza e Leonardo da Rosa.<\/p>\n\n\n\n<p class=\"wp-block-paragraph\">Outro destaque ser\u00e1 a sess\u00e3o especial de encerramento, dedicada a obras que trazem em suas narrativas duas personalidades emblem\u00e1ticas da cultura brasileira: o cineasta Julio Bressane e o teatr\u00f3logo Jos\u00e9 Celso Martinez Corr\u00eaa.<\/p>\n\n\n\n<p class=\"wp-block-paragraph\">Em 2026, a Mostra Tiradentes | SP \u00e9 norteada pelo tema Soberania Imaginativa, proposta que tem o objetivo de ampliar o debate sobre os caminhos criativos do audiovisual brasileiro iniciado em janeiro durante a Mostra Tiradentes.<\/p>\n\n\n\n<p class=\"wp-block-paragraph\">\u201cA for\u00e7a e a diversidade do cinema brasileiro contempor\u00e2neo podem ser percebidas nas edi\u00e7\u00f5es anuais da Mostra Tiradentes | SP, que em 2026 celebra 14 anos em S\u00e3o Paulo com o prop\u00f3sito de ampliar olhares, valorizar novas vozes e apresentar um panorama plural da produ\u00e7\u00e3o audiovisual do pa\u00eds\u201d, afirmou Raquel Hallak, coordenadora-geral da mostra paulistana.<\/p>\n\n\n\n<p class=\"wp-block-paragraph\">Raquel ressalta que, com a mostra, o cinema brasileiro conquista mais espa\u00e7o na capital paulista, oferecendo ao p\u00fablico a oportunidade de conhecer filmes que muitas vezes n\u00e3o chegam ao circuito comercial.<\/p>\n\n\n\n<p class=\"wp-block-paragraph\">A iniciativa prop\u00f5e ainda um di\u00e1logo a favor do cinema nacional, que possa resultar em articula\u00e7\u00f5es, visibilidade e exibi\u00e7\u00e3o do que \u00e9 produzido no Brasil.<\/p>\n\n\n\n<p class=\"wp-block-paragraph\">A programa\u00e7\u00e3o completa&nbsp;<a href=\"https:\/\/mostratiradentessp.com.br\/\" target=\"_blank\" rel=\"noreferrer noopener\">est\u00e1 no site do evento<\/a>.<\/p>\n\n\n\n<h2 class=\"wp-block-heading\">Servi\u00e7o:&nbsp;<\/h2>\n\n\n\n<p class=\"wp-block-paragraph\">\u2060CineSesc &#8211; Rua Augusta, 2075, Cerqueira C\u00e9sar<\/p>\n\n\n\n<p class=\"wp-block-paragraph\">Ingressos: R$ 6*, R$ 10** e R$ 20<br>* valor para trabalhadores do com\u00e9rcio bens e servi\u00e7os e turismo credenciados no Sesc e dependentes (Credencial Plena)<br>** valor para aposentado, pessoa com mais de 60 anos, pessoa com defici\u00eancia, estudante e servidor de escola p\u00fablica com comprovante<\/p>\n","protected":false},"excerpt":{"rendered":"<p>S\u00e3o 14 longas e 14 curtas em cartaz at\u00e9 a pr\u00f3xima quarta-feira (18) A Mostra Tiradentes | SP estreia a&hellip;<\/p>\n","protected":false},"author":1,"featured_media":4464,"comment_status":"open","ping_status":"open","sticky":false,"template":"","format":"standard","meta":{"_crdt_document":"","footnotes":""},"categories":[9],"tags":[],"class_list":["post-4461","post","type-post","status-publish","format-standard","has-post-thumbnail","hentry","category-cultura"],"_links":{"self":[{"href":"https:\/\/nahoranoticias.com\/index.php?rest_route=\/wp\/v2\/posts\/4461","targetHints":{"allow":["GET"]}}],"collection":[{"href":"https:\/\/nahoranoticias.com\/index.php?rest_route=\/wp\/v2\/posts"}],"about":[{"href":"https:\/\/nahoranoticias.com\/index.php?rest_route=\/wp\/v2\/types\/post"}],"author":[{"embeddable":true,"href":"https:\/\/nahoranoticias.com\/index.php?rest_route=\/wp\/v2\/users\/1"}],"replies":[{"embeddable":true,"href":"https:\/\/nahoranoticias.com\/index.php?rest_route=%2Fwp%2Fv2%2Fcomments&post=4461"}],"version-history":[{"count":1,"href":"https:\/\/nahoranoticias.com\/index.php?rest_route=\/wp\/v2\/posts\/4461\/revisions"}],"predecessor-version":[{"id":4465,"href":"https:\/\/nahoranoticias.com\/index.php?rest_route=\/wp\/v2\/posts\/4461\/revisions\/4465"}],"wp:featuredmedia":[{"embeddable":true,"href":"https:\/\/nahoranoticias.com\/index.php?rest_route=\/wp\/v2\/media\/4464"}],"wp:attachment":[{"href":"https:\/\/nahoranoticias.com\/index.php?rest_route=%2Fwp%2Fv2%2Fmedia&parent=4461"}],"wp:term":[{"taxonomy":"category","embeddable":true,"href":"https:\/\/nahoranoticias.com\/index.php?rest_route=%2Fwp%2Fv2%2Fcategories&post=4461"},{"taxonomy":"post_tag","embeddable":true,"href":"https:\/\/nahoranoticias.com\/index.php?rest_route=%2Fwp%2Fv2%2Ftags&post=4461"}],"curies":[{"name":"wp","href":"https:\/\/api.w.org\/{rel}","templated":true}]}}