{"id":4466,"date":"2026-03-12T10:15:38","date_gmt":"2026-03-12T13:15:38","guid":{"rendered":"http:\/\/nahoranoticias.com\/?p=4466"},"modified":"2026-03-12T10:15:40","modified_gmt":"2026-03-12T13:15:40","slug":"cpmi-pede-ao-stf-revisao-de-decisao-que-barrou-depoimento-de-vorcaro","status":"publish","type":"post","link":"https:\/\/nahoranoticias.com\/?p=4466","title":{"rendered":"CPMI pede ao STF revis\u00e3o de decis\u00e3o que barrou depoimento de Vorcaro"},"content":{"rendered":"\n<p class=\"wp-block-paragraph\">Senador diz que comparecimento do banqueiro \u00e9 quest\u00e3o de honra<\/p>\n\n\n\n<figure class=\"wp-block-audio\"><audio controls src=\"http:\/\/nahoranoticias.com\/wp-content\/uploads\/2026\/03\/253710.mp3\"><\/audio><\/figure>\n\n\n\n<p class=\"wp-block-paragraph\">O presidente da Comiss\u00e3o Parlamentar Mista de Inqu\u00e9rito (CPMI) do INSS, senador Carlos Viana (Podemos-MG), se reuniu nesta quarta-feira (11) com o ministro Andr\u00e9 Mendon\u00e7a, do Supremo Tribunal Federal (STF), e defendeu a\u00a0revis\u00e3o das decis\u00f5es\u00a0que impediram depoimentos de investigados e testemunhas na comiss\u00e3o, entre eles, o banqueiro Daniel Vorcaro, dono do Banco Master.\u00a0<img decoding=\"async\" src=\"https:\/\/agenciabrasil.ebc.com.br\/ebc.png?id=1681590&amp;o=node\"><img decoding=\"async\" src=\"https:\/\/agenciabrasil.ebc.com.br\/ebc.gif?id=1681590&amp;o=node\"><\/p>\n\n\n\n<p class=\"wp-block-paragraph\">Segundo Viana, Mendon\u00e7a disse que deve liberar para julgamento colegiado os recursos apresentados pela CPMI para que Vorcaro e outros acusados prestem depoimento.\u00a0No m\u00eas passado,\u00a0o ministro facultou o depoimento do banqueiro.\u00a0<\/p>\n\n\n\n<blockquote class=\"wp-block-quote is-layout-flow wp-block-quote-is-layout-flow\">\n<p class=\"wp-block-paragraph\">&#8220;Para n\u00f3s, \u00e9 uma quest\u00e3o de honra o comparecimento [de Vorcaro] na CPI. Vai \u00e0 CPMI e ser\u00e1 tratado como uma pessoa normal, comum, como todos os outros foram, com declara\u00e7\u00f5es a serem dadas&#8221;, afirmou o senador.&nbsp;<\/p>\n<\/blockquote>\n\n\n\n<p class=\"wp-block-paragraph\">O banqueiro foi chamado para explicar o suposto envolvimento do Master com empres\u00e1rio consignados ilegais a aposentados e pensionistas do INSS.&nbsp;<\/p>\n\n\n\n<p class=\"wp-block-paragraph\">Em entrevista ap\u00f3s a reuni\u00e3o com o ministro, o presidente da Comiss\u00e3o tamb\u00e9m criticou a\u00a0decis\u00e3o do ministro Fl\u00e1vio Dino\u00a0que autorizou a presidente do Palmeiras e da Crefisa, Leila Pereira, a desmarcar o depoimento que prestaria como testemunha nesta quinta-feira (12).<\/p>\n\n\n\n<p class=\"wp-block-paragraph\">Amparada pela decis\u00e3o, Leila informou que n\u00e3o vai comparecer \u00e0 CPMI amanh\u00e3.\u00a0Contudo, novo depoimento foi agendado para a pr\u00f3xima quarta-feira (18).<\/p>\n\n\n\n<p class=\"wp-block-paragraph\">&#8220;\u00c9 mais uma decis\u00e3o que mostra a invas\u00e3o de prerrogativas, o desrespeito ao nosso trabalho, porque vir ao Congresso Nacional \u00e9 mais importante que uma agenda pessoal. O ministro nos determina que marquemos uma nova data para uma testemunha. N\u00f3s precisamos, no Congresso, tomar um posicionamento&#8221;, comentou.&nbsp;<\/p>\n\n\n\n<h2 class=\"wp-block-heading\">Vazamentos<\/h2>\n\n\n\n<p class=\"wp-block-paragraph\">O senador tamb\u00e9m afirmou que a comiss\u00e3o n\u00e3o foi respons\u00e1vel pelo vazamento dos dados&nbsp;dos sigilos banc\u00e1rio, fiscal e telem\u00e1tico de Vorcaro. Na semana passada, Mendon\u00e7a determinou que a Pol\u00edcia Federal abra um inqu\u00e9rito para investigar o caso.&nbsp;<\/p>\n\n\n\n<p class=\"wp-block-paragraph\">&#8220;A CPI n\u00e3o tem qualquer responsabilidade oficial, porque n\u00f3s n\u00e3o temos a maioria dos documentos que foram vazados. Temos a responsabilidade funcional em guardar tudo aquilo que nos tem sido colocado&#8221;, afirmou.<\/p>\n","protected":false},"excerpt":{"rendered":"<p>Senador diz que comparecimento do banqueiro \u00e9 quest\u00e3o de honra O presidente da Comiss\u00e3o Parlamentar Mista de Inqu\u00e9rito (CPMI) do&hellip;<\/p>\n","protected":false},"author":1,"featured_media":4469,"comment_status":"open","ping_status":"open","sticky":false,"template":"","format":"standard","meta":{"_crdt_document":"","footnotes":""},"categories":[35,79,24],"tags":[],"class_list":["post-4466","post","type-post","status-publish","format-standard","has-post-thumbnail","hentry","category-congresso","category-cpi","category-investigacao"],"_links":{"self":[{"href":"https:\/\/nahoranoticias.com\/index.php?rest_route=\/wp\/v2\/posts\/4466","targetHints":{"allow":["GET"]}}],"collection":[{"href":"https:\/\/nahoranoticias.com\/index.php?rest_route=\/wp\/v2\/posts"}],"about":[{"href":"https:\/\/nahoranoticias.com\/index.php?rest_route=\/wp\/v2\/types\/post"}],"author":[{"embeddable":true,"href":"https:\/\/nahoranoticias.com\/index.php?rest_route=\/wp\/v2\/users\/1"}],"replies":[{"embeddable":true,"href":"https:\/\/nahoranoticias.com\/index.php?rest_route=%2Fwp%2Fv2%2Fcomments&post=4466"}],"version-history":[{"count":1,"href":"https:\/\/nahoranoticias.com\/index.php?rest_route=\/wp\/v2\/posts\/4466\/revisions"}],"predecessor-version":[{"id":4470,"href":"https:\/\/nahoranoticias.com\/index.php?rest_route=\/wp\/v2\/posts\/4466\/revisions\/4470"}],"wp:featuredmedia":[{"embeddable":true,"href":"https:\/\/nahoranoticias.com\/index.php?rest_route=\/wp\/v2\/media\/4469"}],"wp:attachment":[{"href":"https:\/\/nahoranoticias.com\/index.php?rest_route=%2Fwp%2Fv2%2Fmedia&parent=4466"}],"wp:term":[{"taxonomy":"category","embeddable":true,"href":"https:\/\/nahoranoticias.com\/index.php?rest_route=%2Fwp%2Fv2%2Fcategories&post=4466"},{"taxonomy":"post_tag","embeddable":true,"href":"https:\/\/nahoranoticias.com\/index.php?rest_route=%2Fwp%2Fv2%2Ftags&post=4466"}],"curies":[{"name":"wp","href":"https:\/\/api.w.org\/{rel}","templated":true}]}}