{"id":4471,"date":"2026-03-12T10:17:12","date_gmt":"2026-03-12T13:17:12","guid":{"rendered":"http:\/\/nahoranoticias.com\/?p=4471"},"modified":"2026-03-12T10:17:14","modified_gmt":"2026-03-12T13:17:14","slug":"trabalhadores-consideram-ultraprocessados-um-risco-a-saude","status":"publish","type":"post","link":"https:\/\/nahoranoticias.com\/?p=4471","title":{"rendered":"Trabalhadores consideram ultraprocessados um risco \u00e0 sa\u00fade"},"content":{"rendered":"\n<p class=\"wp-block-paragraph\">Pesquisa foi realizada em seis pa\u00edses com mais de 5 mil empregados<\/p>\n\n\n\n<figure class=\"wp-block-audio\"><audio controls src=\"http:\/\/nahoranoticias.com\/wp-content\/uploads\/2026\/03\/253712.mp3\"><\/audio><\/figure>\n\n\n\n<p class=\"wp-block-paragraph\">Pesquisa realizada em seis pa\u00edses mostra que mais de 70% dos trabalhadores consideram os alimentos ultraprocessados um risco \u00e0 sa\u00fade. O levantamento, feito pela Sodexo, foi realizado no Brasil, Chile,na&nbsp; China, nos Estados Unidos, na Fran\u00e7a e no Reino Unido. Mais de 5 mil empregados foram ouvidos, 800 deles no Brasil.<img decoding=\"async\" src=\"https:\/\/agenciabrasil.ebc.com.br\/ebc.png?id=1681595&amp;o=node\"><img decoding=\"async\" src=\"https:\/\/agenciabrasil.ebc.com.br\/ebc.gif?id=1681595&amp;o=node\"><\/p>\n\n\n\n<p class=\"wp-block-paragraph\">De acordo com a pesquisa Food Experience Tracker, 78% dos funcion\u00e1rios brasileiros consideram alimentos ultraprocessados um risco \u00e0 sa\u00fade, embora reconhe\u00e7am sua praticidade no dia a dia. Globalmente, 71% compartilham a mesma percep\u00e7\u00e3o, refor\u00e7ando a import\u00e2ncia de escolhas mais equilibradas mesmo no ambiente corporativo.<\/p>\n\n\n\n<p class=\"wp-block-paragraph\">Segundo o estudo, a tend\u00eancia \u00e9 que os restaurantes dentro das empresas ganhem maior relev\u00e2ncia no dia a dia para atender a uma for\u00e7a de trabalho cada vez mais consciente sobre sa\u00fade, que busca alimentos frescos, locais e sazonais.<\/p>\n\n\n\n<blockquote class=\"wp-block-quote is-layout-flow wp-block-quote-is-layout-flow\">\n<p class=\"wp-block-paragraph\">\u201cTemos visto que colaboradores demonstram maior disposi\u00e7\u00e3o para deixar organiza\u00e7\u00f5es que n\u00e3o adotam pr\u00e1ticas sustent\u00e1veis, refor\u00e7ando a import\u00e2ncia de adotar a\u00e7\u00f5es que atendam tanto \u00e0 sa\u00fade dos colaboradores quanto ao impacto ambiental\u201d, destacou a diretora de Marketing da Sodexo Brasil, Cinthia Lira.<\/p>\n<\/blockquote>\n\n\n\n<h2 class=\"wp-block-heading\">Ultraprocessados<\/h2>\n\n\n\n<p class=\"wp-block-paragraph\">Segundo o Guia Alimentar para a Popula\u00e7\u00e3o Brasileira, do Minist\u00e9rio da Sa\u00fade, os alimentos ultraprocessados devem ser evitados. S\u00e3o formula\u00e7\u00f5es industriais \u00e0 base de ingredientes extra\u00eddos ou derivados de outros alimentos, como \u00f3leos, gorduras, a\u00e7\u00facar, amido modificado ou, ainda, sintetizados em laborat\u00f3rio como, por exemplo, corantes, aromatizantes, e real\u00e7adores de sabor.<\/p>\n\n\n\n<p class=\"wp-block-paragraph\">De acordo com o guia, os ultraprocessados cont\u00eam uma s\u00e9rie de produtos qu\u00edmicos que visam estender a validade do alimento, ou, ainda, dar cor, sabor, aroma e textura para torn\u00e1-lo mais atraente.<\/p>\n\n\n\n<p class=\"wp-block-paragraph\">Esse tipo de alimento, segundo a publica\u00e7\u00e3o do minist\u00e9rio, favorece o consumo excessivo de calorias em raz\u00e3o de ter concentra\u00e7\u00e3o elevada de a\u00e7\u00facar, sal e gordura, e \u00e9 formulado para que seja extremamente saboroso, favorecendo o \u201ccomer sem parar\u201d.<\/p>\n\n\n\n<p class=\"wp-block-paragraph\">Segundo o guia, o consumo excessivo de s\u00f3dio e gorduras saturadas aumenta o risco de doen\u00e7as do cora\u00e7\u00e3o, enquanto o consumo excessivo de a\u00e7\u00facar aumenta o risco de c\u00e1rie dental, obesidade, diabetes e outras doen\u00e7as cr\u00f4nicas.<\/p>\n","protected":false},"excerpt":{"rendered":"<p>Pesquisa foi realizada em seis pa\u00edses com mais de 5 mil empregados Pesquisa realizada em seis pa\u00edses mostra que mais&hellip;<\/p>\n","protected":false},"author":1,"featured_media":4474,"comment_status":"open","ping_status":"open","sticky":false,"template":"","format":"standard","meta":{"_crdt_document":"","footnotes":""},"categories":[11],"tags":[],"class_list":["post-4471","post","type-post","status-publish","format-standard","has-post-thumbnail","hentry","category-saude"],"_links":{"self":[{"href":"https:\/\/nahoranoticias.com\/index.php?rest_route=\/wp\/v2\/posts\/4471","targetHints":{"allow":["GET"]}}],"collection":[{"href":"https:\/\/nahoranoticias.com\/index.php?rest_route=\/wp\/v2\/posts"}],"about":[{"href":"https:\/\/nahoranoticias.com\/index.php?rest_route=\/wp\/v2\/types\/post"}],"author":[{"embeddable":true,"href":"https:\/\/nahoranoticias.com\/index.php?rest_route=\/wp\/v2\/users\/1"}],"replies":[{"embeddable":true,"href":"https:\/\/nahoranoticias.com\/index.php?rest_route=%2Fwp%2Fv2%2Fcomments&post=4471"}],"version-history":[{"count":1,"href":"https:\/\/nahoranoticias.com\/index.php?rest_route=\/wp\/v2\/posts\/4471\/revisions"}],"predecessor-version":[{"id":4475,"href":"https:\/\/nahoranoticias.com\/index.php?rest_route=\/wp\/v2\/posts\/4471\/revisions\/4475"}],"wp:featuredmedia":[{"embeddable":true,"href":"https:\/\/nahoranoticias.com\/index.php?rest_route=\/wp\/v2\/media\/4474"}],"wp:attachment":[{"href":"https:\/\/nahoranoticias.com\/index.php?rest_route=%2Fwp%2Fv2%2Fmedia&parent=4471"}],"wp:term":[{"taxonomy":"category","embeddable":true,"href":"https:\/\/nahoranoticias.com\/index.php?rest_route=%2Fwp%2Fv2%2Fcategories&post=4471"},{"taxonomy":"post_tag","embeddable":true,"href":"https:\/\/nahoranoticias.com\/index.php?rest_route=%2Fwp%2Fv2%2Ftags&post=4471"}],"curies":[{"name":"wp","href":"https:\/\/api.w.org\/{rel}","templated":true}]}}