{"id":4476,"date":"2026-03-12T10:19:10","date_gmt":"2026-03-12T13:19:10","guid":{"rendered":"http:\/\/nahoranoticias.com\/?p=4476"},"modified":"2026-03-12T10:19:34","modified_gmt":"2026-03-12T13:19:34","slug":"geralpolicia-federal-prende-foragido-suspeito-de-desvios-no-inss","status":"publish","type":"post","link":"https:\/\/nahoranoticias.com\/?p=4476","title":{"rendered":"GeralPol\u00edcia Federal prende foragido suspeito de desvios no INSS"},"content":{"rendered":"\n<p class=\"wp-block-paragraph\">Segundo a PF, homem fazia parte do n\u00facleo financeiro da organiza\u00e7\u00e3o<\/p>\n\n\n\n<figure class=\"wp-block-audio\"><audio controls src=\"http:\/\/nahoranoticias.com\/wp-content\/uploads\/2026\/03\/253706.mp3\"><\/audio><\/figure>\n\n\n\n<p class=\"wp-block-paragraph\">A Pol\u00edcia Federal (PF) prendeu, nesta quarta-feira\u00a0(11),\u00a0um dos \u00faltimos foragidos da\u00a0Opera\u00e7\u00e3o Sem Desconto, deflagrada em abril de 2025 para\u00a0investigar\u00a0desvio de recursos do Instituto Nacional do Seguro Social (INSS).<img decoding=\"async\" src=\"https:\/\/agenciabrasil.ebc.com.br\/ebc.png?id=1681584&amp;o=node\"><img decoding=\"async\" src=\"https:\/\/agenciabrasil.ebc.com.br\/ebc.gif?id=1681584&amp;o=node\"><\/p>\n\n\n\n<p class=\"wp-block-paragraph\">O\u00a0homem, de identidade n\u00e3o informada\u00a0pela corpora\u00e7\u00e3o,\u00a0fazia parte do n\u00facleo financeiro da organiza\u00e7\u00e3o criminosa. Ele era respons\u00e1vel pela\u00a0movimenta\u00e7\u00e3o e gest\u00e3o dos recursos desviados, agindo como uma esp\u00e9cie de contador da quadrilha liderada por Antonio Carlos Antunes, conhecido como Careca do INSS,\u00a0que foi\u00a0preso\u00a0em setembro do ano passado.\u00a0<\/p>\n\n\n\n<p class=\"wp-block-paragraph\">&#8220;Policiais federais realizaram a pris\u00e3o ap\u00f3s minucioso trabalho de investiga\u00e7\u00e3o e de levantamentos que permitiram localizar o investigado&#8221;, destaca a PF, em nota.&nbsp;<\/p>\n\n\n\n<p class=\"wp-block-paragraph\">Segundo a corpora\u00e7\u00e3o, o homem&nbsp;foi encaminhado a uma&nbsp;unidade da Pol\u00edcia Federal e ficar\u00e1 \u00e0&nbsp;disposi\u00e7\u00e3o da Justi\u00e7a.<\/p>\n\n\n\n<h2 class=\"wp-block-heading\">Entenda o caso<\/h2>\n\n\n\n<p class=\"wp-block-paragraph\">A PF e a Controladoria-Geral da Uni\u00e3o (CGU)\u00a0deflagraram a Opera\u00e7\u00e3o Sem Desconto em abril do ano passado\u00a0para combater um esquema de descontos associativos n\u00e3o autorizados em aposentadorias e pens\u00f5es. O c\u00e1lculo \u00e9 que entidades investigadas tenham descontado de aposentados e pensionistas cerca de R$ 6,3 bilh\u00f5es entre 2019 e 2024.\u00a0<\/p>\n\n\n\n<p class=\"wp-block-paragraph\">As fraudes e os criminosos envolvidos tamb\u00e9m est\u00e3o sob investiga\u00e7\u00e3o da Comiss\u00e3o Parlamentar Mista de Inqu\u00e9rito (CPMI) do Instituto Nacional do Seguro Social (INSS), no Congresso Nacional.<\/p>\n","protected":false},"excerpt":{"rendered":"<p>Segundo a PF, homem fazia parte do n\u00facleo financeiro da organiza\u00e7\u00e3o A Pol\u00edcia Federal (PF) prendeu, nesta quarta-feira\u00a0(11),\u00a0um dos \u00faltimos&hellip;<\/p>\n","protected":false},"author":1,"featured_media":4479,"comment_status":"open","ping_status":"open","sticky":false,"template":"","format":"standard","meta":{"_crdt_document":"","footnotes":""},"categories":[24,19],"tags":[],"class_list":["post-4476","post","type-post","status-publish","format-standard","has-post-thumbnail","hentry","category-investigacao","category-policia"],"_links":{"self":[{"href":"https:\/\/nahoranoticias.com\/index.php?rest_route=\/wp\/v2\/posts\/4476","targetHints":{"allow":["GET"]}}],"collection":[{"href":"https:\/\/nahoranoticias.com\/index.php?rest_route=\/wp\/v2\/posts"}],"about":[{"href":"https:\/\/nahoranoticias.com\/index.php?rest_route=\/wp\/v2\/types\/post"}],"author":[{"embeddable":true,"href":"https:\/\/nahoranoticias.com\/index.php?rest_route=\/wp\/v2\/users\/1"}],"replies":[{"embeddable":true,"href":"https:\/\/nahoranoticias.com\/index.php?rest_route=%2Fwp%2Fv2%2Fcomments&post=4476"}],"version-history":[{"count":2,"href":"https:\/\/nahoranoticias.com\/index.php?rest_route=\/wp\/v2\/posts\/4476\/revisions"}],"predecessor-version":[{"id":4481,"href":"https:\/\/nahoranoticias.com\/index.php?rest_route=\/wp\/v2\/posts\/4476\/revisions\/4481"}],"wp:featuredmedia":[{"embeddable":true,"href":"https:\/\/nahoranoticias.com\/index.php?rest_route=\/wp\/v2\/media\/4479"}],"wp:attachment":[{"href":"https:\/\/nahoranoticias.com\/index.php?rest_route=%2Fwp%2Fv2%2Fmedia&parent=4476"}],"wp:term":[{"taxonomy":"category","embeddable":true,"href":"https:\/\/nahoranoticias.com\/index.php?rest_route=%2Fwp%2Fv2%2Fcategories&post=4476"},{"taxonomy":"post_tag","embeddable":true,"href":"https:\/\/nahoranoticias.com\/index.php?rest_route=%2Fwp%2Fv2%2Ftags&post=4476"}],"curies":[{"name":"wp","href":"https:\/\/api.w.org\/{rel}","templated":true}]}}