{"id":4495,"date":"2026-03-12T10:31:41","date_gmt":"2026-03-12T13:31:41","guid":{"rendered":"http:\/\/nahoranoticias.com\/?p=4495"},"modified":"2026-03-12T10:31:43","modified_gmt":"2026-03-12T13:31:43","slug":"justica-aceita-pedido-de-recuperacao-extrajudicial-do-pao-de-acucar","status":"publish","type":"post","link":"https:\/\/nahoranoticias.com\/?p=4495","title":{"rendered":"Justi\u00e7a aceita pedido de recupera\u00e7\u00e3o extrajudicial do P\u00e3o de A\u00e7\u00facar"},"content":{"rendered":"\n<p class=\"wp-block-paragraph\">Mais uma grande empresa entra em dificuldades financeiras. Governo nega que aumento de impostos ajude a aumentar a crise.<\/p>\n\n\n\n<figure class=\"wp-block-audio\"><audio controls src=\"http:\/\/nahoranoticias.com\/wp-content\/uploads\/2026\/03\/253702.mp3\"><\/audio><\/figure>\n\n\n\n<p class=\"wp-block-paragraph\">Grupo prev\u00ea renegociar R$ 4,5 bi em d\u00edvidas com credores A Justi\u00e7a de S\u00e3o Paulo aceitou o pedido de recupera\u00e7\u00e3o extrajudicial apresentado pelo\u00a0Grupo P\u00e3o de A\u00e7\u00facar (GPA), dono da rede de supermercados P\u00e3o de A\u00e7\u00facar.\u00a0<img decoding=\"async\" src=\"https:\/\/agenciabrasil.ebc.com.br\/ebc.png?id=1681578&amp;o=node\"><img decoding=\"async\" src=\"https:\/\/agenciabrasil.ebc.com.br\/ebc.gif?id=1681578&amp;o=node\"><\/p>\n\n\n\n<p class=\"wp-block-paragraph\">Com a decis\u00e3o, a empresa poder\u00e1 renegociar parte de suas d\u00edvidas diretamente com os credores de forma direta, sem interven\u00e7\u00e3o judicial.\u00a0<\/p>\n\n\n\n<p class=\"wp-block-paragraph\">Em comunicado ao mercado nesta quarta-feira (11), o grupo informa que o pedido foi aceito&nbsp;pela&nbsp;3\u00aa Vara de Fal\u00eancias e Recupera\u00e7\u00f5es Judiciais da Comarca de S\u00e3o Paulo.&nbsp;<\/p>\n\n\n\n<blockquote class=\"wp-block-quote is-layout-flow wp-block-quote-is-layout-flow\">\n<p class=\"wp-block-paragraph\">&#8220;A Companhia Brasileira de Distribui\u00e7\u00e3o (\u201cCompanhia\u201d), em complemento ao fato relevante divulgado em 10 de mar\u00e7o de 2026, vem informar ao mercado e aos seus acionistas que, nesta data, o Ju\u00edzo da 3\u00aa Vara de Fal\u00eancias e Recupera\u00e7\u00f5es Judiciais da<br>Comarca de S\u00e3o Paulo deferiu o processamento da recupera\u00e7\u00e3o extrajudicial da Companhia&#8221;, diz o documento,&nbsp;assinado pelo vice-presidente de Finan\u00e7as e Diretor de Rela\u00e7\u00f5es com Investidores, Pedro Vieira Lima de Albuquerque.&nbsp;<\/p>\n<\/blockquote>\n\n\n\n<p class=\"wp-block-paragraph\">Com efeitos imediatos, o\u00a0plano de recupera\u00e7\u00e3o\u00a0atinge apenas as d\u00edvidas sem garantias, que, segundo o pr\u00f3prio grupo,\u00a0chegam a aproximadamente R$ 4,5 bilh\u00f5es. Ficaram de fora as despesas correntes ou operacionais, de forma a preservar os pagamentos a trabalhadores, fornecedores, parceiros e clientes.<\/p>\n\n\n\n<p class=\"wp-block-paragraph\">O acordo foi celebrado com os principais credores, titulares do equivalente a R$ 2,1 bilh\u00f5es&nbsp;do valor total da negocia\u00e7\u00e3o &#8211; percentual superior ao qu\u00f3rum m\u00ednimo legal de um ter\u00e7o&nbsp;dos cr\u00e9ditos afetados.<\/p>\n\n\n\n<p class=\"wp-block-paragraph\">Segundo&nbsp;a companhia,&nbsp;em fato relevante divulgado nesta ter\u00e7a-feira (10), o&nbsp;plano \u201ccria um ambiente seguro e est\u00e1vel para a continuidade, por 90 dias, das negocia\u00e7\u00f5es\u201d que estavam em andamento.<\/p>\n\n\n\n<p class=\"wp-block-paragraph\">\u201cAssim, o plano representa um passo importante para o objetivo da administra\u00e7\u00e3o de fortalecer o balan\u00e7o, melhorar o perfil do endividamento e posicionar a companhia para o futuro, ao mesmo tempo que preserva o relacionamento com fornecedores e protege sua opera\u00e7\u00e3o\u201d, diz o fato relevante.<\/p>\n","protected":false},"excerpt":{"rendered":"<p>Mais uma grande empresa entra em dificuldades financeiras. Governo nega que aumento de impostos ajude a aumentar a crise. Grupo&hellip;<\/p>\n","protected":false},"author":1,"featured_media":4498,"comment_status":"open","ping_status":"open","sticky":false,"template":"","format":"standard","meta":{"_crdt_document":"","footnotes":""},"categories":[56,4],"tags":[],"class_list":["post-4495","post","type-post","status-publish","format-standard","has-post-thumbnail","hentry","category-crise","category-economia"],"_links":{"self":[{"href":"https:\/\/nahoranoticias.com\/index.php?rest_route=\/wp\/v2\/posts\/4495","targetHints":{"allow":["GET"]}}],"collection":[{"href":"https:\/\/nahoranoticias.com\/index.php?rest_route=\/wp\/v2\/posts"}],"about":[{"href":"https:\/\/nahoranoticias.com\/index.php?rest_route=\/wp\/v2\/types\/post"}],"author":[{"embeddable":true,"href":"https:\/\/nahoranoticias.com\/index.php?rest_route=\/wp\/v2\/users\/1"}],"replies":[{"embeddable":true,"href":"https:\/\/nahoranoticias.com\/index.php?rest_route=%2Fwp%2Fv2%2Fcomments&post=4495"}],"version-history":[{"count":1,"href":"https:\/\/nahoranoticias.com\/index.php?rest_route=\/wp\/v2\/posts\/4495\/revisions"}],"predecessor-version":[{"id":4499,"href":"https:\/\/nahoranoticias.com\/index.php?rest_route=\/wp\/v2\/posts\/4495\/revisions\/4499"}],"wp:featuredmedia":[{"embeddable":true,"href":"https:\/\/nahoranoticias.com\/index.php?rest_route=\/wp\/v2\/media\/4498"}],"wp:attachment":[{"href":"https:\/\/nahoranoticias.com\/index.php?rest_route=%2Fwp%2Fv2%2Fmedia&parent=4495"}],"wp:term":[{"taxonomy":"category","embeddable":true,"href":"https:\/\/nahoranoticias.com\/index.php?rest_route=%2Fwp%2Fv2%2Fcategories&post=4495"},{"taxonomy":"post_tag","embeddable":true,"href":"https:\/\/nahoranoticias.com\/index.php?rest_route=%2Fwp%2Fv2%2Ftags&post=4495"}],"curies":[{"name":"wp","href":"https:\/\/api.w.org\/{rel}","templated":true}]}}