{"id":4500,"date":"2026-03-12T10:33:33","date_gmt":"2026-03-12T13:33:33","guid":{"rendered":"http:\/\/nahoranoticias.com\/?p=4500"},"modified":"2026-03-12T10:33:34","modified_gmt":"2026-03-12T13:33:34","slug":"dino-mantem-depoimento-de-leila-pereira-na-cpmi-do-inss","status":"publish","type":"post","link":"https:\/\/nahoranoticias.com\/?p=4500","title":{"rendered":"Dino mant\u00e9m depoimento de Leila Pereira na CPMI do INSS"},"content":{"rendered":"\n<p class=\"wp-block-paragraph\">Presidente da Crefisa e do Palmeiras ir\u00e1 depor como testemunha<\/p>\n\n\n\n<figure class=\"wp-block-audio\"><audio controls src=\"http:\/\/nahoranoticias.com\/wp-content\/uploads\/2026\/03\/253687.mp3\"><\/audio><\/figure>\n\n\n\n<p class=\"wp-block-paragraph\">O ministro Fl\u00e1vio Dino, do Supremo Tribunal Federal (STF), decidiu manter a convoca\u00e7\u00e3o da presidente do Palmeiras, Leila Pereira, para depor como testemunha na Comiss\u00e3o Parlamentar Mista de Inqu\u00e9rito (CPMI) do INSS.<img decoding=\"async\" src=\"https:\/\/agenciabrasil.ebc.com.br\/ebc.png?id=1681555&amp;o=node\"><img decoding=\"async\" src=\"https:\/\/agenciabrasil.ebc.com.br\/ebc.gif?id=1681555&amp;o=node\"><\/p>\n\n\n\n<p class=\"wp-block-paragraph\">A oitiva est\u00e1 prevista para esta quinta-feira (12).&nbsp;<\/p>\n\n\n\n<p class=\"wp-block-paragraph\">Apesar de manter a convoca\u00e7\u00e3o,\u00a0Dino garantiu que a presidente poder\u00e1 solicitar uma nova data para a oitiva e n\u00e3o poder\u00e1 ser alvo condu\u00e7\u00e3o coercitiva.\u00a0<\/p>\n\n\n\n<p class=\"wp-block-paragraph\">Leila foi convocada para prestar depoimento como testemunha. Ela \u00e9 presidente da Crefisa, empresa que faz opera\u00e7\u00f5es de cr\u00e9dito consignado para aposentados e pensionistas do INSS.<\/p>\n\n\n\n<p class=\"wp-block-paragraph\">O depoimento estava previsto para o dia 9 de mar\u00e7o, mas foi reagendado para amanh\u00e3.<\/p>\n\n\n\n<p class=\"wp-block-paragraph\">A presidente n\u00e3o compareceu ap\u00f3s ser orientada por seus advogados. A defesa entendeu que a decis\u00e3o de Fl\u00e1vio Dino que suspendeu quebras de sigilo votadas em globo pela CPMI deve valer para vota\u00e7\u00f5es que convocaram testemunhas.<\/p>\n\n\n\n<p class=\"wp-block-paragraph\">Ap\u00f3s n\u00e3o comparecer ao Congresso, parlamentares da comiss\u00e3o passaram a cogitar a possibilidade de determinar a condu\u00e7\u00e3o coercitiva de Leila.<\/p>\n\n\n\n<p class=\"wp-block-paragraph\">Dino disse que a decis\u00e3o que invalidou as quebras de sigilo n\u00e3o pode ser aplicada \u00e0s convoca\u00e7\u00f5es de testemunhas.<\/p>\n\n\n\n<blockquote class=\"wp-block-quote is-layout-flow wp-block-quote-is-layout-flow\">\n<p class=\"wp-block-paragraph\">\u201c\u00c9 evidente que a situa\u00e7\u00e3o de quem sofre quebra de sigilo \u00e9 diferente daquela de quem apenas \u00e9 convocado para depor como testemunha. N\u00e3o h\u00e1 viola\u00e7\u00e3o da intimidade, do sigilo ou exposi\u00e7\u00e3o indevida da vida privada pelo simples fato de ser chamado a depor como testemunha\u201d, disse o ministro.<\/p>\n<\/blockquote>\n\n\n\n<h2 class=\"wp-block-heading\">Sigilos<\/h2>\n\n\n\n<p class=\"wp-block-paragraph\">Na semana passada,\u00a0Fl\u00e1vio Dino decidiu que a comiss\u00e3o n\u00e3o poderia ter aprovado em bloco os diversos requerimentos de quebra de sigilo, entre eles, o pedido para acessar o sigilo do empres\u00e1rio F\u00e1bio Lu\u00eds Lula da Silva, filho do presidente da Rep\u00fablica, Luiz In\u00e1cio Lula da Silva.<\/p>\n\n\n\n<p class=\"wp-block-paragraph\">A decis\u00e3o foi motivada por um pedido feito pela defesa de Lulinha. Os advogados pediram a extens\u00e3o da decis\u00e3o de Dino&nbsp;que tamb\u00e9m anulou a quebra de sigilo&nbsp;contra a empres\u00e1ria Roberta Luchsinger, que tamb\u00e9m foi alvo da CPMI.&nbsp;<\/p>\n","protected":false},"excerpt":{"rendered":"<p>Presidente da Crefisa e do Palmeiras ir\u00e1 depor como testemunha O ministro Fl\u00e1vio Dino, do Supremo Tribunal Federal (STF), decidiu&hellip;<\/p>\n","protected":false},"author":1,"featured_media":4503,"comment_status":"open","ping_status":"open","sticky":false,"template":"","format":"standard","meta":{"_crdt_document":"","footnotes":""},"categories":[82,66],"tags":[],"class_list":["post-4500","post","type-post","status-publish","format-standard","has-post-thumbnail","hentry","category-cpmi","category-stf"],"_links":{"self":[{"href":"https:\/\/nahoranoticias.com\/index.php?rest_route=\/wp\/v2\/posts\/4500","targetHints":{"allow":["GET"]}}],"collection":[{"href":"https:\/\/nahoranoticias.com\/index.php?rest_route=\/wp\/v2\/posts"}],"about":[{"href":"https:\/\/nahoranoticias.com\/index.php?rest_route=\/wp\/v2\/types\/post"}],"author":[{"embeddable":true,"href":"https:\/\/nahoranoticias.com\/index.php?rest_route=\/wp\/v2\/users\/1"}],"replies":[{"embeddable":true,"href":"https:\/\/nahoranoticias.com\/index.php?rest_route=%2Fwp%2Fv2%2Fcomments&post=4500"}],"version-history":[{"count":1,"href":"https:\/\/nahoranoticias.com\/index.php?rest_route=\/wp\/v2\/posts\/4500\/revisions"}],"predecessor-version":[{"id":4504,"href":"https:\/\/nahoranoticias.com\/index.php?rest_route=\/wp\/v2\/posts\/4500\/revisions\/4504"}],"wp:featuredmedia":[{"embeddable":true,"href":"https:\/\/nahoranoticias.com\/index.php?rest_route=\/wp\/v2\/media\/4503"}],"wp:attachment":[{"href":"https:\/\/nahoranoticias.com\/index.php?rest_route=%2Fwp%2Fv2%2Fmedia&parent=4500"}],"wp:term":[{"taxonomy":"category","embeddable":true,"href":"https:\/\/nahoranoticias.com\/index.php?rest_route=%2Fwp%2Fv2%2Fcategories&post=4500"},{"taxonomy":"post_tag","embeddable":true,"href":"https:\/\/nahoranoticias.com\/index.php?rest_route=%2Fwp%2Fv2%2Ftags&post=4500"}],"curies":[{"name":"wp","href":"https:\/\/api.w.org\/{rel}","templated":true}]}}