{"id":4505,"date":"2026-03-12T10:46:59","date_gmt":"2026-03-12T13:46:59","guid":{"rendered":"http:\/\/nahoranoticias.com\/?p=4505"},"modified":"2026-03-12T10:47:01","modified_gmt":"2026-03-12T13:47:01","slug":"whatsapp-anuncia-controle-parental-para-contas-de-menores-de-13-anos","status":"publish","type":"post","link":"https:\/\/nahoranoticias.com\/?p=4505","title":{"rendered":"Whatsapp anuncia controle parental para contas de menores de 13 anos"},"content":{"rendered":"\n<figure class=\"wp-block-audio\"><audio controls src=\"http:\/\/nahoranoticias.com\/wp-content\/uploads\/2026\/03\/253700.mp3\"><\/audio><\/figure>\n\n\n\n<p class=\"wp-block-paragraph\">O aplicativo de troca de mensagens WhatsApp anunciou nesta quarta-feira (11) que ir\u00e1 disponibilizar, nos pr\u00f3ximos meses, uma nova funcionalidade que permitir\u00e1 que pais e respons\u00e1veis gerenciem a conta dos filhos menores de 13 anos.&nbsp;<img decoding=\"async\" src=\"https:\/\/agenciabrasil.ebc.com.br\/ebc.png?id=1681577&amp;o=node\"><img decoding=\"async\" src=\"https:\/\/agenciabrasil.ebc.com.br\/ebc.gif?id=1681577&amp;o=node\"><\/p>\n\n\n\n<p class=\"wp-block-paragraph\">Segundo a Meta, empresa que controla o aplicativo,\u00a0pais, m\u00e3es ou respons\u00e1veis poder\u00e3o usar a nova funcionalidade para decidir quais contatos conseguir\u00e3o mandar mensagens para a conta e de quais grupos a crian\u00e7a ou o adolescente poder\u00e1 participar.<\/p>\n\n\n\n<p class=\"wp-block-paragraph\">Al\u00e9m disso, os pais poder\u00e3o analisar pedidos de contato de n\u00fameros desconhecidos e gerenciar as configura\u00e7\u00f5es de privacidade da conta.<\/p>\n\n\n\n<p class=\"wp-block-paragraph\">\u201cO controle parental e as configura\u00e7\u00f5es s\u00e3o controlados por um PIN dos pais no dispositivo gerenciado. Apenas pais, m\u00e3es ou respons\u00e1veis podem acessar e modificar as configura\u00e7\u00f5es de privacidade, o que permite personalizar a experi\u00eancia de acordo com as prefer\u00eancias da fam\u00edlia\u201d, disse a Meta, em comunicado.<\/p>\n\n\n\n<p class=\"wp-block-paragraph\">Segundo a empresa, o conte\u00fado das conversas continuar\u00e1 privado e protegido com criptografia de ponta a ponta, de modo que nem os pais\u00a0nem a pr\u00f3pria plataforma\u00a0conseguir\u00e3o ter acesso.<\/p>\n\n\n\n<p class=\"wp-block-paragraph\">De acordo com o WhatsApp, as contas gerenciadas por pais, m\u00e3es ou respons\u00e1veis ser\u00e3o lan\u00e7adas aos poucos e poder\u00e3o n\u00e3o estar dispon\u00edveis em todas as regi\u00f5es. As novas contas para menores dever\u00e3o ser configuradas pelos pais ou respons\u00e1veis com 18 anos ou mais.&nbsp;<\/p>\n\n\n\n<p class=\"wp-block-paragraph\">Ser\u00e1 necess\u00e1rio ter a vers\u00e3o mais recente do WhatsApp para iPhone ou Android para usar a nova funcionalidade. Para configurar a nova conta, o celular do respons\u00e1vel e o celular do menor dever\u00e3o estar lado a lado.&nbsp;<a href=\"https:\/\/faq.whatsapp.com\/875902238256170\/?helpref=uf_share&amp;cms_platform=android\" target=\"_blank\" rel=\"noreferrer noopener\">O passo a passo da configura\u00e7\u00e3o pode ser visto neste link<\/a>.<\/p>\n\n\n\n<h2 class=\"wp-block-heading\">Seguran\u00e7a de crian\u00e7as e adolescentes<\/h2>\n\n\n\n<p class=\"wp-block-paragraph\">As amea\u00e7as que acompanham o&nbsp;acesso de crian\u00e7as e adolescentes a redes sociais, plataformas para a troca de mensagens e jogos online&nbsp;t\u00eam sido objeto de preocupa\u00e7\u00e3o ao redor do mundo.<\/p>\n\n\n\n<p class=\"wp-block-paragraph\"><a href=\"https:\/\/agenciabrasil.ebc.com.br\/internacional\/noticia\/2025-12\/proibicao-de-rede-social-para-criancas-entra-em-vigor-na-australia\" target=\"_blank\" rel=\"noreferrer noopener\">Na Austr\u00e1lia, uma lei proibiu o uso de redes sociais por menores de 16 anos<\/a>. Medidas similares j\u00e1 avan\u00e7aram na Fran\u00e7a e em Portugal&nbsp;e s\u00e3o discutidas em outros pa\u00edses europeus.<\/p>\n\n\n\n<p class=\"wp-block-paragraph\">No Brasil, uma consulta p\u00fablica realizada pelo governo federal recomendou m\u00e9todos mais r\u00edgidos na\u00a0aferi\u00e7\u00e3o de idade de usu\u00e1rios em sites e aplicativos na internet.<\/p>\n\n\n\n<h2 class=\"wp-block-heading\">ECA Digital<\/h2>\n\n\n\n<p class=\"wp-block-paragraph\">O pa\u00eds proibiu o uso de celulares nas escolas p\u00fablicas e privadas, nos ensinos fundamental e m\u00e9dio. Tamb\u00e9m est\u00e1 em processo de implementa\u00e7\u00e3o a\u00a0Lei do Estatuto Digital da Crian\u00e7a e do Adolescente (15.211\/2025).<\/p>\n\n\n\n<p class=\"wp-block-paragraph\">A nova lei entra em vigor em 18 de mar\u00e7o\u00a0e\u00a0obriga as plataformas digitais a tomarem medidas razo\u00e1veis para prevenir riscos de crian\u00e7as e adolescentes acessarem conte\u00fados ilegais ou considerados impr\u00f3prios para essas faixas et\u00e1rias, como explora\u00e7\u00e3o e abuso sexual, viol\u00eancia f\u00edsica, intimida\u00e7\u00e3o, ass\u00e9dio, promo\u00e7\u00e3o e comercializa\u00e7\u00e3o de jogos de azar, pr\u00e1ticas publicit\u00e1rias predat\u00f3rias e enganosas, entre outros crimes.<\/p>\n\n\n\n<p class=\"wp-block-paragraph\">A lei ainda prev\u00ea regras para supervis\u00e3o dos pais e respons\u00e1veis e exige mecanismos mais confi\u00e1veis para a verifica\u00e7\u00e3o da idade dos usu\u00e1rios de redes sociais, o que atualmente \u00e9 feito basicamente por autodeclara\u00e7\u00e3o.<\/p>\n","protected":false},"excerpt":{"rendered":"<p>O aplicativo de troca de mensagens WhatsApp anunciou nesta quarta-feira (11) que ir\u00e1 disponibilizar, nos pr\u00f3ximos meses, uma nova funcionalidade&hellip;<\/p>\n","protected":false},"author":1,"featured_media":4509,"comment_status":"open","ping_status":"open","sticky":false,"template":"","format":"standard","meta":{"_crdt_document":"","footnotes":""},"categories":[1],"tags":[],"class_list":["post-4505","post","type-post","status-publish","format-standard","has-post-thumbnail","hentry","category-sem-categoria"],"_links":{"self":[{"href":"https:\/\/nahoranoticias.com\/index.php?rest_route=\/wp\/v2\/posts\/4505","targetHints":{"allow":["GET"]}}],"collection":[{"href":"https:\/\/nahoranoticias.com\/index.php?rest_route=\/wp\/v2\/posts"}],"about":[{"href":"https:\/\/nahoranoticias.com\/index.php?rest_route=\/wp\/v2\/types\/post"}],"author":[{"embeddable":true,"href":"https:\/\/nahoranoticias.com\/index.php?rest_route=\/wp\/v2\/users\/1"}],"replies":[{"embeddable":true,"href":"https:\/\/nahoranoticias.com\/index.php?rest_route=%2Fwp%2Fv2%2Fcomments&post=4505"}],"version-history":[{"count":1,"href":"https:\/\/nahoranoticias.com\/index.php?rest_route=\/wp\/v2\/posts\/4505\/revisions"}],"predecessor-version":[{"id":4510,"href":"https:\/\/nahoranoticias.com\/index.php?rest_route=\/wp\/v2\/posts\/4505\/revisions\/4510"}],"wp:featuredmedia":[{"embeddable":true,"href":"https:\/\/nahoranoticias.com\/index.php?rest_route=\/wp\/v2\/media\/4509"}],"wp:attachment":[{"href":"https:\/\/nahoranoticias.com\/index.php?rest_route=%2Fwp%2Fv2%2Fmedia&parent=4505"}],"wp:term":[{"taxonomy":"category","embeddable":true,"href":"https:\/\/nahoranoticias.com\/index.php?rest_route=%2Fwp%2Fv2%2Fcategories&post=4505"},{"taxonomy":"post_tag","embeddable":true,"href":"https:\/\/nahoranoticias.com\/index.php?rest_route=%2Fwp%2Fv2%2Ftags&post=4505"}],"curies":[{"name":"wp","href":"https:\/\/api.w.org\/{rel}","templated":true}]}}