{"id":5139,"date":"2026-03-28T09:51:40","date_gmt":"2026-03-28T12:51:40","guid":{"rendered":"http:\/\/nahoranoticias.com\/?p=5139"},"modified":"2026-03-28T09:51:41","modified_gmt":"2026-03-28T12:51:41","slug":"hospitalizacoes-por-influenza-a-tem-aumentado-no-pais-informa-fiocruz","status":"publish","type":"post","link":"https:\/\/nahoranoticias.com\/?p=5139","title":{"rendered":"Hospitaliza\u00e7\u00f5es por Influenza A t\u00eam aumentado no pa\u00eds, informa Fiocruz"},"content":{"rendered":"\n<p class=\"wp-block-paragraph\">Rinov\u00edrus e v\u00edrus sincicial respirat\u00f3rio tamb\u00e9m est\u00e3o em alta<\/p>\n\n\n\n<figure class=\"wp-block-audio\"><audio controls src=\"https:\/\/tts-app.ebc.com.br\/media\/tts\/254588.mp3\"><\/audio><\/figure>\n\n\n\n<p class=\"wp-block-paragraph\">Os casos de S\u00edndrome Respirat\u00f3ria Aguda Grave (SRAG) vem aumentando no pa\u00eds, de acordo com a nova edi\u00e7\u00e3o do boletim InfoGripe, divulgado nesta sexta-feira (27) pela Funda\u00e7\u00e3o Oswaldo Cruz (Fiocruz). A causa \u00e9 o crescimento das&nbsp;hospitaliza\u00e7\u00f5es por Influenza A, rinov\u00edrus e v\u00edrus sincicial respirat\u00f3rio (VSR).<img decoding=\"async\" src=\"https:\/\/agenciabrasil.ebc.com.br\/ebc.png?id=1684011&amp;o=node\"><img decoding=\"async\" src=\"https:\/\/agenciabrasil.ebc.com.br\/ebc.gif?id=1684011&amp;o=node\"><\/p>\n\n\n\n<p class=\"wp-block-paragraph\"><a href=\"https:\/\/agenciabrasil.ebc.com.br\/saude\/noticia\/2026-03\/saude-promove-neste-sabado-dia-d-de-vacinacao-nacional-contra-gripe\" target=\"_blank\" rel=\"noreferrer noopener\">&gt;&gt;&nbsp;Sa\u00fade promove neste s\u00e1bado Dia D de vacina\u00e7\u00e3o nacional contra gripe<\/a><\/p>\n\n\n\n<p class=\"wp-block-paragraph\">O levantamento aponta que todos os estados do pa\u00eds apresentam sinal de alta do n\u00famero de casos de SRAG na tend\u00eancia de longo prazo, que considera as \u00faltimas seis semanas.<\/p>\n\n\n\n<p class=\"wp-block-paragraph\">O&nbsp;rinov\u00edrus tem impulsionado o aumento dos casos de SRAG em grande parte desses estados, especialmente entre crian\u00e7as e adolescentes de 2 a 14 anos.<\/p>\n\n\n\n<p class=\"wp-block-paragraph\">A pesquisadora do InfoGripe, Tatiana Portella, chama aten\u00e7\u00e3o que&nbsp;<strong>\u00e9 essencial que as pessoas de maior risco, como idosos, imunocomprometidos e crian\u00e7as, tomem a vacina da influenza nos postos de sa\u00fade<\/strong>, para frear o crescimento acelerado das hospitaliza\u00e7\u00f5es pelo v\u00edrus em diversos estados do pa\u00eds.<\/p>\n\n\n\n<p class=\"wp-block-paragraph\">Portella tamb\u00e9m recomenda o uso de m\u00e1scara em locais fechados e com maior aglomera\u00e7\u00e3o de pessoas, especialmente para os grupos de risco.<\/p>\n\n\n\n<p class=\"wp-block-paragraph\">\u201cAl\u00e9m disso, em caso de sintomas de gripe ou resfriado, o ideal \u00e9 fazer isolamento dentro de casa, mas, se n\u00e3o for poss\u00edvel, recomendamos sair usando m\u00e1scara para evitar transmitir o v\u00edrus para outras pessoas\u201d, avaliou.<\/p>\n\n\n\n<h2 class=\"wp-block-heading\">Mortalidade<\/h2>\n\n\n\n<p class=\"wp-block-paragraph\">A incid\u00eancia e a mortalidade por SRAG s\u00e3o mais elevadas nas crian\u00e7as pequenas e est\u00e1 associada principalmente ao VSR e ao rinov\u00edrus. J\u00e1 a mortalidade \u00e9 maior entre os idosos, tendo a Covid-19 e a influenza A como principais causas.<\/p>\n\n\n\n<p class=\"wp-block-paragraph\">Al\u00e9m disso, a incid\u00eancia de Covid-19 tamb\u00e9m \u00e9 maior em crian\u00e7as pequenas e idosos, enquanto a de influenza A se concentra principalmente nas crian\u00e7as de at\u00e9 4 anos e nos idosos.<\/p>\n","protected":false},"excerpt":{"rendered":"<p>Rinov\u00edrus e v\u00edrus sincicial respirat\u00f3rio tamb\u00e9m est\u00e3o em alta Os casos de S\u00edndrome Respirat\u00f3ria Aguda Grave (SRAG) vem aumentando no&hellip;<\/p>\n","protected":false},"author":1,"featured_media":5140,"comment_status":"open","ping_status":"open","sticky":false,"template":"","format":"standard","meta":{"_crdt_document":"","footnotes":""},"categories":[11],"tags":[],"class_list":["post-5139","post","type-post","status-publish","format-standard","has-post-thumbnail","hentry","category-saude"],"_links":{"self":[{"href":"https:\/\/nahoranoticias.com\/index.php?rest_route=\/wp\/v2\/posts\/5139","targetHints":{"allow":["GET"]}}],"collection":[{"href":"https:\/\/nahoranoticias.com\/index.php?rest_route=\/wp\/v2\/posts"}],"about":[{"href":"https:\/\/nahoranoticias.com\/index.php?rest_route=\/wp\/v2\/types\/post"}],"author":[{"embeddable":true,"href":"https:\/\/nahoranoticias.com\/index.php?rest_route=\/wp\/v2\/users\/1"}],"replies":[{"embeddable":true,"href":"https:\/\/nahoranoticias.com\/index.php?rest_route=%2Fwp%2Fv2%2Fcomments&post=5139"}],"version-history":[{"count":1,"href":"https:\/\/nahoranoticias.com\/index.php?rest_route=\/wp\/v2\/posts\/5139\/revisions"}],"predecessor-version":[{"id":5141,"href":"https:\/\/nahoranoticias.com\/index.php?rest_route=\/wp\/v2\/posts\/5139\/revisions\/5141"}],"wp:featuredmedia":[{"embeddable":true,"href":"https:\/\/nahoranoticias.com\/index.php?rest_route=\/wp\/v2\/media\/5140"}],"wp:attachment":[{"href":"https:\/\/nahoranoticias.com\/index.php?rest_route=%2Fwp%2Fv2%2Fmedia&parent=5139"}],"wp:term":[{"taxonomy":"category","embeddable":true,"href":"https:\/\/nahoranoticias.com\/index.php?rest_route=%2Fwp%2Fv2%2Fcategories&post=5139"},{"taxonomy":"post_tag","embeddable":true,"href":"https:\/\/nahoranoticias.com\/index.php?rest_route=%2Fwp%2Fv2%2Ftags&post=5139"}],"curies":[{"name":"wp","href":"https:\/\/api.w.org\/{rel}","templated":true}]}}